{"id":40835,"date":"2022-08-11T10:40:53","date_gmt":"2022-08-11T13:40:53","guid":{"rendered":"http:\/\/www.sincomam.org.br\/?p=40835"},"modified":"2022-08-11T10:40:53","modified_gmt":"2022-08-11T13:40:53","slug":"operacao-reuniu-brasil-colombia-e-peru-em-35-dias-de-exercicios-para-a-protecao-da-triplice-fronteira-na-amazonia","status":"publish","type":"post","link":"https:\/\/www.sincomam.org.br\/index.php\/operacao-reuniu-brasil-colombia-e-peru-em-35-dias-de-exercicios-para-a-protecao-da-triplice-fronteira-na-amazonia\/","title":{"rendered":"Opera\u00e7\u00e3o reuniu Brasil, Col\u00f4mbia e Peru em 35 dias de exerc\u00edcios para a prote\u00e7\u00e3o da tr\u00edplice fronteira na Amaz\u00f4nia"},"content":{"rendered":"<p>A BraColPer \u00e9 uma opera\u00e7\u00e3o conduzida pelas Marinhas do Brasil, Col\u00f4mbia e Peru, desde 1974, para realizar exerc\u00edcios t\u00e1ticos visando a prote\u00e7\u00e3o da tr\u00edplice fronteira e aprofundar a confian\u00e7a m\u00fatua e a interoperabilidade entre as Marinhas participantes.<\/p>\n<p>\u201cAnualmente, percorremos cerca de 5 mil quil\u00f4metros pelos rios Maran\u00f5n, Negro e Solim\u00f5es, realizando exerc\u00edcios t\u00e1ticos navais destinados \u00e0s opera\u00e7\u00f5es ribeirinhas, enfatizando comando, controle e comunica\u00e7\u00f5es\u201d, destacou o Comandante do 9\u00ba Distrito Naval Vice-Almirante Thadeu Marcos Orosco Coelho Lobo.<\/p>\n<p>Os Navios-Patrulha Fluvial \u201cRaposo Tavares\u201d e \u201cRond\u00f4nia\u201d e o Navio de Assist\u00eancia Hospitalar \u201cOswaldo Cruz\u201d chegaram hoje (10), em Manaus (AM), ap\u00f3s participarem da Opera\u00e7\u00e3o Naval. Ao todo, foram 35 dias de opera\u00e7\u00f5es na Amaz\u00f4nia, especialmente na cidade de Iquitos, no Peru, por ocasi\u00e3o das comemora\u00e7\u00f5es dos 201 anos da Independ\u00eancia do Peru.<\/p>\n<p>A opera\u00e7\u00e3o foi dividida em tr\u00eas fases e envolveu mais de 400 militares. As fases I e II foram realizadas nos Rio Mara\u00f1on &#8211; o Rio Solim\u00f5es Peruano-, entre as cidades de Let\u00edcia (Col\u00f4mbia) e Iquitos (Peru), nos per\u00edodos que coincidem com as datas das Independ\u00eancias desses pa\u00edses, comemoradas nos dias 20 e 28 de julho, respectivamente. Como nos anos anteriores, a fase III, realizada no Estado do Amazonas, ocorrer\u00e1 nos Rios Solim\u00f5es e Negro, no m\u00eas de setembro, justamente por ocasi\u00e3o da comemora\u00e7\u00e3o dos 200 anos da Independ\u00eancia do Brasil.<\/p>\n<p>\u201cA Opera\u00e7\u00e3o BraColPer Naval 2022 contribui para o fortalecimento de nossos estreitos la\u00e7os de amizade, o compartilhamento de informa\u00e7\u00f5es e experi\u00eancias. Os exerc\u00edcios conjuntos e a coopera\u00e7\u00e3o m\u00fatua t\u00eam apresentado resultados consider\u00e1veis para a defesa da tr\u00edplice fronteira, contribuindo para a seguran\u00e7a e para o desenvolvimento da Amaz\u00f4nia\u201d, afirmou o Almirante Lobo.<\/p>\n<p>Fonte: Ag\u00eancia Marinha de Not\u00edcias<\/p>\n","protected":false},"excerpt":{"rendered":"<p>A BraColPer \u00e9 uma opera\u00e7\u00e3o conduzida pelas Marinhas do Brasil, Col\u00f4mbia e Peru, desde 1974, para realizar exerc\u00edcios t\u00e1ticos visando a prote\u00e7\u00e3o da tr\u00edplice fronteira&#8230;<\/p>\n","protected":false},"author":1527,"featured_media":40836,"comment_status":"closed","ping_status":"closed","sticky":false,"template":"","format":"standard","meta":{"footnotes":""},"categories":[6],"tags":[],"class_list":["post-40835","post","type-post","status-publish","format-standard","has-post-thumbnail","hentry","category-noticias"],"_links":{"self":[{"href":"https:\/\/www.sincomam.org.br\/index.php\/wp-json\/wp\/v2\/posts\/40835","targetHints":{"allow":["GET"]}}],"collection":[{"href":"https:\/\/www.sincomam.org.br\/index.php\/wp-json\/wp\/v2\/posts"}],"about":[{"href":"https:\/\/www.sincomam.org.br\/index.php\/wp-json\/wp\/v2\/types\/post"}],"author":[{"embeddable":true,"href":"https:\/\/www.sincomam.org.br\/index.php\/wp-json\/wp\/v2\/users\/1527"}],"replies":[{"embeddable":true,"href":"https:\/\/www.sincomam.org.br\/index.php\/wp-json\/wp\/v2\/comments?post=40835"}],"version-history":[{"count":1,"href":"https:\/\/www.sincomam.org.br\/index.php\/wp-json\/wp\/v2\/posts\/40835\/revisions"}],"predecessor-version":[{"id":40837,"href":"https:\/\/www.sincomam.org.br\/index.php\/wp-json\/wp\/v2\/posts\/40835\/revisions\/40837"}],"wp:featuredmedia":[{"embeddable":true,"href":"https:\/\/www.sincomam.org.br\/index.php\/wp-json\/wp\/v2\/media\/40836"}],"wp:attachment":[{"href":"https:\/\/www.sincomam.org.br\/index.php\/wp-json\/wp\/v2\/media?parent=40835"}],"wp:term":[{"taxonomy":"category","embeddable":true,"href":"https:\/\/www.sincomam.org.br\/index.php\/wp-json\/wp\/v2\/categories?post=40835"},{"taxonomy":"post_tag","embeddable":true,"href":"https:\/\/www.sincomam.org.br\/index.php\/wp-json\/wp\/v2\/tags?post=40835"}],"curies":[{"name":"wp","href":"https:\/\/api.w.org\/{rel}","templated":true}]}}