{"id":40826,"date":"2022-08-11T10:28:54","date_gmt":"2022-08-11T13:28:54","guid":{"rendered":"http:\/\/www.sincomam.org.br\/?p=40826"},"modified":"2022-08-11T10:28:54","modified_gmt":"2022-08-11T13:28:54","slug":"tev-recebe-maior-lote-de-veiculos-eletricos-de-sua-historia","status":"publish","type":"post","link":"https:\/\/www.sincomam.org.br\/index.php\/tev-recebe-maior-lote-de-veiculos-eletricos-de-sua-historia\/","title":{"rendered":"TEV recebe maior lote de ve\u00edculos el\u00e9tricos de sua hist\u00f3ria"},"content":{"rendered":"<p>O TEV (Terminal de Ve\u00edculos) da Santos Brasil recebeu no \u00faltimo dia 2 de agosto o maior lote de ve\u00edculos el\u00e9tricos de sua hist\u00f3ria. Foram 324 unidades desembarcadas do navio &#8220;Grande Sapphire&#8221;. Para o in\u00edcio de setembro j\u00e1 est\u00e1 previsto um novo lote com 430 ve\u00edculos no navio &#8220;Taipan&#8221; e, at\u00e9 o final do ano, mais 500 unidades.<\/p>\n<p>De acordo com Danilo Ramos, diretor Comercial de Opera\u00e7\u00f5es Portu\u00e1rias da Santos Brasil, a movimenta\u00e7\u00e3o refor\u00e7a o crescimento da demanda por este tipo de ve\u00edculo, que \u00e9 menos poluente e tem um consumo de energia mais eficiente. &#8220;At\u00e9 agora, a chegada de carros el\u00e9tricos se dava de modo mais espor\u00e1dico, nunca em grandes lotes, mas acreditamos que esta seja a tend\u00eancia daqui pra frente&#8221;, diz.<\/p>\n<p>Segundo relat\u00f3rio da Ag\u00eancia Internacional de Energia (AIE), em 2021 foram vendidos 6,6 milh\u00f5es de carros el\u00e9tricos em todo o mundo, o dobro do ano anterior, e agora representam 10% das transa\u00e7\u00f5es de carros novos. No primeiro trimestre de 2022 foram dois milh\u00f5es de unidades vendidas.<\/p>\n<p>Atenta a essa movimenta\u00e7\u00e3o, em 2020, a Santos Brasil equipou o TEV com dois carregadores para carros el\u00e9tricos, deixando o terminal preparado para atender o crescimento da demanda por esse tipo de ve\u00edculo. O terminal tem atualmente um carregador fixo instalado em um totem e outro m\u00f3vel, para ser acoplado a um ve\u00edculo da companhia para carregar autom\u00f3veis que percam carga no momento do desembarque dos navios, evitando a necessidade de reboque. A empresa est\u00e1 pronta para aumentar o n\u00famero de equipamentos caso a demanda das montadoras cres\u00e7a.<\/p>\n<p>Localizado no porto de Santos, o TEV \u00e9 o maior terminal de ve\u00edculos do Brasil, com capacidade operacional para 300 mil autom\u00f3veis por ano. Responde por 90% da movimenta\u00e7\u00e3o de ve\u00edculos no porto santista e por 60% de todo o Brasil.<\/p>\n<p>Fonte: Portos e Navios<\/p>\n","protected":false},"excerpt":{"rendered":"<p>O TEV (Terminal de Ve\u00edculos) da Santos Brasil recebeu no \u00faltimo dia 2 de agosto o maior lote de ve\u00edculos el\u00e9tricos de sua hist\u00f3ria. Foram&#8230;<\/p>\n","protected":false},"author":1527,"featured_media":40827,"comment_status":"closed","ping_status":"closed","sticky":false,"template":"","format":"standard","meta":{"footnotes":""},"categories":[6],"tags":[],"class_list":["post-40826","post","type-post","status-publish","format-standard","has-post-thumbnail","hentry","category-noticias"],"_links":{"self":[{"href":"https:\/\/www.sincomam.org.br\/index.php\/wp-json\/wp\/v2\/posts\/40826","targetHints":{"allow":["GET"]}}],"collection":[{"href":"https:\/\/www.sincomam.org.br\/index.php\/wp-json\/wp\/v2\/posts"}],"about":[{"href":"https:\/\/www.sincomam.org.br\/index.php\/wp-json\/wp\/v2\/types\/post"}],"author":[{"embeddable":true,"href":"https:\/\/www.sincomam.org.br\/index.php\/wp-json\/wp\/v2\/users\/1527"}],"replies":[{"embeddable":true,"href":"https:\/\/www.sincomam.org.br\/index.php\/wp-json\/wp\/v2\/comments?post=40826"}],"version-history":[{"count":1,"href":"https:\/\/www.sincomam.org.br\/index.php\/wp-json\/wp\/v2\/posts\/40826\/revisions"}],"predecessor-version":[{"id":40828,"href":"https:\/\/www.sincomam.org.br\/index.php\/wp-json\/wp\/v2\/posts\/40826\/revisions\/40828"}],"wp:featuredmedia":[{"embeddable":true,"href":"https:\/\/www.sincomam.org.br\/index.php\/wp-json\/wp\/v2\/media\/40827"}],"wp:attachment":[{"href":"https:\/\/www.sincomam.org.br\/index.php\/wp-json\/wp\/v2\/media?parent=40826"}],"wp:term":[{"taxonomy":"category","embeddable":true,"href":"https:\/\/www.sincomam.org.br\/index.php\/wp-json\/wp\/v2\/categories?post=40826"},{"taxonomy":"post_tag","embeddable":true,"href":"https:\/\/www.sincomam.org.br\/index.php\/wp-json\/wp\/v2\/tags?post=40826"}],"curies":[{"name":"wp","href":"https:\/\/api.w.org\/{rel}","templated":true}]}}