{"id":40822,"date":"2022-08-11T10:27:19","date_gmt":"2022-08-11T13:27:19","guid":{"rendered":"http:\/\/www.sincomam.org.br\/?p=40822"},"modified":"2022-08-11T10:27:19","modified_gmt":"2022-08-11T13:27:19","slug":"seca-pode-tornar-o-rio-reno-nao-navegavel-para-embarcacoes-comerciais-e-afetar-a-economia-da-europa","status":"publish","type":"post","link":"https:\/\/www.sincomam.org.br\/index.php\/seca-pode-tornar-o-rio-reno-nao-navegavel-para-embarcacoes-comerciais-e-afetar-a-economia-da-europa\/","title":{"rendered":"Seca pode tornar o Rio Reno n\u00e3o naveg\u00e1vel para embarca\u00e7\u00f5es comerciais e afetar a economia da Europa"},"content":{"rendered":"<p>As fortes ondas de calor que atingem a Europa nos \u00faltimos meses podem tornar o Rio Reno &#8211; importante liga\u00e7\u00e3o fluvial para pa\u00edses como Alemanha, Su\u00ed\u00e7a e Holanda &#8211; economicamente invi\u00e1vel, com o baixo volume de \u00e1gua inviabilizando a navega\u00e7\u00e3o de diversas embarca\u00e7\u00f5es comerciais. A situa\u00e7\u00e3o est\u00e1 cr\u00edtica em Kaub, ao oeste de Frankfurt, onde a profundidade do rio est\u00e1 cr\u00edtica e deve atingir 40 cent\u00edmetros no dia 12 de agosto, segundo a Administra\u00e7\u00e3o Federal de Hidrovias e Transportes da Alemanha.<\/p>\n<p>Nesse n\u00edvel, a maioria das embarca\u00e7\u00f5es que transportam mercadorias s\u00e3o incapazes de transitar pelo rio. A previs\u00e3o \u00e9 que o n\u00edvel continue caindo e atinja 37 cent\u00edmetros nos pr\u00f3ximos dias. Embora algumas embarca\u00e7\u00f5es de \u00e1guas rasas ainda possam navegar pelo Reno em Kaub, a queda do n\u00edvel da \u00e1gua \u00e9 mais um sinal dos impactos econ\u00f4micos da crise clim\u00e1tica na regi\u00e3o.<\/p>\n<p>O Rio Reno serpenteia cerca de 1,3 mil quil\u00f4metros desde sua nascente nos Alpes su\u00ed\u00e7os, passando por algumas das zonas industriais mais importantes da Europa antes de desaguar no Mar do Norte, perto de Roterd\u00e3. Empresas do setor qu\u00edmico como a BASF SE e a sider\u00fargica Thyssenkrupp AG dependem do rio para abastecer suas principais unidades industriais com combust\u00edveis e mat\u00e9rias-primas.<\/p>\n<p>Volume de neve abaixo da m\u00e9dia no inverno passado e o desgaste glacial cont\u00ednuo significam que o volume de \u00e1gua da hidrovia provavelmente cair\u00e1 para n\u00edveis cr\u00edticos, de acordo com o servi\u00e7o meteorol\u00f3gico federal da Su\u00ed\u00e7a. O n\u00edvel de \u00e1gua medido n\u00e3o \u00e9 a profundidade real do rio, mas sim um marcador de navegabilidade. As navega\u00e7\u00f5es pelo Reno j\u00e1 foram prejudicadas por semanas, com a falta de \u00e1gua limitando a quantidade de barca\u00e7as que podem atravessar a hidrovia.<\/p>\n<p>Embora as empresas ainda possam abastecer f\u00e1bricas e usinas de energia por vias terrestres ou f\u00e9rreas, esses modos de transporte s\u00e3o significativamente mais caros, diminuindo as margens de lucro das empresas. Atualmente, a profundidade do rio \u00e9 de 171 cent\u00edmetros. \u00c9 considerada antiecon\u00f4mica a navega\u00e7\u00e3o no local quando a profundidade chega a menos de 150 cent\u00edmetros.<\/p>\n<p>Fonte: Valor<\/p>\n","protected":false},"excerpt":{"rendered":"<p>As fortes ondas de calor que atingem a Europa nos \u00faltimos meses podem tornar o Rio Reno &#8211; importante liga\u00e7\u00e3o fluvial para pa\u00edses como Alemanha,&#8230;<\/p>\n","protected":false},"author":1527,"featured_media":40824,"comment_status":"closed","ping_status":"closed","sticky":false,"template":"","format":"standard","meta":{"footnotes":""},"categories":[6],"tags":[],"class_list":["post-40822","post","type-post","status-publish","format-standard","has-post-thumbnail","hentry","category-noticias"],"_links":{"self":[{"href":"https:\/\/www.sincomam.org.br\/index.php\/wp-json\/wp\/v2\/posts\/40822","targetHints":{"allow":["GET"]}}],"collection":[{"href":"https:\/\/www.sincomam.org.br\/index.php\/wp-json\/wp\/v2\/posts"}],"about":[{"href":"https:\/\/www.sincomam.org.br\/index.php\/wp-json\/wp\/v2\/types\/post"}],"author":[{"embeddable":true,"href":"https:\/\/www.sincomam.org.br\/index.php\/wp-json\/wp\/v2\/users\/1527"}],"replies":[{"embeddable":true,"href":"https:\/\/www.sincomam.org.br\/index.php\/wp-json\/wp\/v2\/comments?post=40822"}],"version-history":[{"count":1,"href":"https:\/\/www.sincomam.org.br\/index.php\/wp-json\/wp\/v2\/posts\/40822\/revisions"}],"predecessor-version":[{"id":40825,"href":"https:\/\/www.sincomam.org.br\/index.php\/wp-json\/wp\/v2\/posts\/40822\/revisions\/40825"}],"wp:featuredmedia":[{"embeddable":true,"href":"https:\/\/www.sincomam.org.br\/index.php\/wp-json\/wp\/v2\/media\/40824"}],"wp:attachment":[{"href":"https:\/\/www.sincomam.org.br\/index.php\/wp-json\/wp\/v2\/media?parent=40822"}],"wp:term":[{"taxonomy":"category","embeddable":true,"href":"https:\/\/www.sincomam.org.br\/index.php\/wp-json\/wp\/v2\/categories?post=40822"},{"taxonomy":"post_tag","embeddable":true,"href":"https:\/\/www.sincomam.org.br\/index.php\/wp-json\/wp\/v2\/tags?post=40822"}],"curies":[{"name":"wp","href":"https:\/\/api.w.org\/{rel}","templated":true}]}}