{"id":40804,"date":"2022-08-10T09:33:30","date_gmt":"2022-08-10T12:33:30","guid":{"rendered":"http:\/\/www.sincomam.org.br\/?p=40804"},"modified":"2022-08-10T09:33:30","modified_gmt":"2022-08-10T12:33:30","slug":"transformacao-digital-energias-verdes-hidrovias-e-projetos-de-investimento-os-temas-chave-do-aapa-latino-2022-2","status":"publish","type":"post","link":"https:\/\/www.sincomam.org.br\/index.php\/transformacao-digital-energias-verdes-hidrovias-e-projetos-de-investimento-os-temas-chave-do-aapa-latino-2022-2\/","title":{"rendered":"Transforma\u00e7\u00e3o digital, energias verdes, hidrovias e projetos de investimento: os temas-chave do AAPA Latino 2022"},"content":{"rendered":"<p>Faltam apenas quatro meses para o in\u00edcio do XXX Congresso Latino-americano de Portos da Delega\u00e7\u00e3o Latino-Americana da AAPA, que acontecer\u00e1 de 28 a 30 de novembro e ser\u00e1 sediado em um dos mais importantes complexos portu\u00e1rios da regi\u00e3o, na cidade brasileira de Santos.<\/p>\n<p>Na comemora\u00e7\u00e3o da sua trig\u00e9sima edi\u00e7\u00e3o, o AAPA Latino 2022 promete marcar a agenda, posicionar as quest\u00f5es atuais e futuras do setor e reunir aos principais atores portu\u00e1rios p\u00fablicos e privados em um s\u00f3 lugar.<\/p>\n<p>A uma centena de empresas expositoras confirmadas, dos setores de infraestrutura, tecnologia, consultoria, inova\u00e7\u00e3o e engenharia, entre outras, se soma a importante participa\u00e7\u00e3o de palestrantes internacionais, considerados os mais influentes referentes de opini\u00e3o em mat\u00e9ria portu\u00e1ria.<\/p>\n<p>Al\u00e9m deles, participar\u00e3o importantes l\u00edderes portu\u00e1rios, executivos, gerentes, diretores, consultores e especialistas do setor de mais de 35 pa\u00edses para dar in\u00edcio ao principal encontro portu\u00e1rio da Am\u00e9rica Latina.<\/p>\n<p>AGENDA DE CONFER\u00caNCIAS<\/p>\n<p>O programa acad\u00eamico \u00e9 uma das atra\u00e7\u00f5es mais importantes da edi\u00e7\u00e3o Santos 2022. Nele, especialistas de n\u00edvel mundial abordar\u00e3o quest\u00f5es atuais e contingenciais para a ind\u00fastria regional e seus pr\u00f3ximos desafios em mat\u00e9ria de recupera\u00e7\u00e3o p\u00f3s-pandemia, transforma\u00e7\u00e3o digital e investimentos em infraestrutura.<\/p>\n<p>O pontap\u00e9 inicial ser\u00e1 dado na ter\u00e7a-feira, 29, com o painel \u201cCen\u00e1rios e Previs\u00f5es para o Com\u00e9rcio, o Transporte Mar\u00edtimo e os Portos\u201d, momento em que ser\u00e3o analisadas as tens\u00f5es geopol\u00edticas recentes, o panorama atual e as perspectivas de recupera\u00e7\u00e3o dos mercados. Al\u00e9m disso, ser\u00e1 reeditado o cl\u00e1ssico espa\u00e7o sobre \u201cInvestimentos e Projetos Portu\u00e1rios na Am\u00e9rica Latina\u201d, durante o qual as mais altas autoridades portu\u00e1rias revisar\u00e3o os planos de investimento em infraestrutura, equipamentos e tecnologia na regi\u00e3o; e ser\u00e1 realizado o col\u00f3quio \u201cTransi\u00e7\u00e3o Energ\u00e9tica no Transporte Mar\u00edtimo\u201d, que abordar\u00e1 assuntos como descarboniza\u00e7\u00e3o, sustentabilidade e experi\u00eancias em quest\u00f5es ambientais no setor.<\/p>\n<p>Seguidamente, ser\u00e1 desenvolvido o painel \u201cProdutividade Portu\u00e1ria: Experi\u00eancias e Recomenda\u00e7\u00f5es para Melhor\u00e1-la\u201d, onde ser\u00e3o apresentadas as estrat\u00e9gias para as novas demandas do com\u00e9rcio internacional; ser\u00e1 aberto um debate sobre o tema &#8220;Portos Fluviais e Hidrovias&#8221;, e as possibilidades de integra\u00e7\u00e3o dos territ\u00f3rios latino-americanos; fechando o dia com uma apresenta\u00e7\u00e3o do Porto de Barranquilla e os preparativos como anfitri\u00e3o do #AAPALatino 2023.<\/p>\n<p>J\u00e1 na quarta-feira, 30, a agenda come\u00e7ar\u00e1 com a sess\u00e3o &#8220;Transporte Mar\u00edtimo 2030: Contagem regressiva para acabar com a Exclus\u00e3o Digital&#8221; onde a boa governan\u00e7a do setor, o envolvimento dos atores e o uso de tecnologias inteligentes em favor dos clientes, entre outros, ser\u00e3o debatidos.<\/p>\n<p>O painel \u201cPortos em Alerta\u201d abordar\u00e1 temas relacionados com ciberseguran\u00e7a, terrorismo e pirataria, entre outras amea\u00e7as, que obrigam a atividade a ter linhas de atua\u00e7\u00e3o e gest\u00e3o de riscos cada vez mais eficientes. E terminando a manh\u00e3, a mesa de di\u00e1logo &#8220;#CharlasdePuerto: Debates Estrat\u00e9gicos: Di\u00e1logo entre Terminais, Empresas de Navega\u00e7\u00e3o e Autoridades Portu\u00e1rias&#8221;, reunir\u00e1 protagonistas do setor para opinar sobre o rumo e as expectativas presentes e futuras dos atores envolvidos no neg\u00f3cio.<\/p>\n<p>\u201cUma Nova Era para o Transporte de Cruzeiros\u201d ser\u00e1 a sess\u00e3o que continuar\u00e1 com o semin\u00e1rio, que far\u00e1 um balan\u00e7o sobre a situa\u00e7\u00e3o atual e as perspectivas do setor mar\u00edtimo-tur\u00edstico. A tarde prosseguir\u00e1 com um painel dedicado \u00e0 discuss\u00e3o do \u201cFinanciamento Inteligente para o Crescimento Estrat\u00e9gico\u201d, que dar\u00e1 a conhecer as op\u00e7\u00f5es de financiamento e investimento para os atores envolvidos. Ap\u00f3s isso, a confer\u00eancia \u201cSolu\u00e7\u00f5es para a Ind\u00fastria Portu\u00e1ria\u201d reunir\u00e1 fornecedores estrat\u00e9gicos e continuar\u00e1 a aprofundar os assuntos do setor.<\/p>\n<p>E pelo segundo ano, o toque final do evento ser\u00e1 o pr\u00eamio \u00e0 Excel\u00eancia na Ind\u00fastria Portu\u00e1ria, que \u00e9 concedido em alian\u00e7a estrat\u00e9gica entre a CIP\/OEA e a AAPA, para reconhecer os portos que contribuem para a prosperidade econ\u00f4mica e social das comunidades onde atuam.<\/p>\n<p>Em suma, ser\u00e3o tr\u00eas dias intensos de networking, rodadas de neg\u00f3cios, di\u00e1logos entre os setores p\u00fablico e privado, visitas t\u00e9cnicas ao complexo portu\u00e1rio mais importante da regi\u00e3o e um programa de palestras dedicadas a rever os temas que v\u00e3o mover o futuro da ind\u00fastria portu\u00e1ria.<\/p>\n<p>Fonte: PR PORTS<\/p>\n","protected":false},"excerpt":{"rendered":"<p>Faltam apenas quatro meses para o in\u00edcio do XXX Congresso Latino-americano de Portos da Delega\u00e7\u00e3o Latino-Americana da AAPA, que acontecer\u00e1 de 28 a 30 de&#8230;<\/p>\n","protected":false},"author":1527,"featured_media":40805,"comment_status":"closed","ping_status":"closed","sticky":false,"template":"","format":"standard","meta":{"footnotes":""},"categories":[6],"tags":[],"class_list":["post-40804","post","type-post","status-publish","format-standard","has-post-thumbnail","hentry","category-noticias"],"_links":{"self":[{"href":"https:\/\/www.sincomam.org.br\/index.php\/wp-json\/wp\/v2\/posts\/40804","targetHints":{"allow":["GET"]}}],"collection":[{"href":"https:\/\/www.sincomam.org.br\/index.php\/wp-json\/wp\/v2\/posts"}],"about":[{"href":"https:\/\/www.sincomam.org.br\/index.php\/wp-json\/wp\/v2\/types\/post"}],"author":[{"embeddable":true,"href":"https:\/\/www.sincomam.org.br\/index.php\/wp-json\/wp\/v2\/users\/1527"}],"replies":[{"embeddable":true,"href":"https:\/\/www.sincomam.org.br\/index.php\/wp-json\/wp\/v2\/comments?post=40804"}],"version-history":[{"count":1,"href":"https:\/\/www.sincomam.org.br\/index.php\/wp-json\/wp\/v2\/posts\/40804\/revisions"}],"predecessor-version":[{"id":40806,"href":"https:\/\/www.sincomam.org.br\/index.php\/wp-json\/wp\/v2\/posts\/40804\/revisions\/40806"}],"wp:featuredmedia":[{"embeddable":true,"href":"https:\/\/www.sincomam.org.br\/index.php\/wp-json\/wp\/v2\/media\/40805"}],"wp:attachment":[{"href":"https:\/\/www.sincomam.org.br\/index.php\/wp-json\/wp\/v2\/media?parent=40804"}],"wp:term":[{"taxonomy":"category","embeddable":true,"href":"https:\/\/www.sincomam.org.br\/index.php\/wp-json\/wp\/v2\/categories?post=40804"},{"taxonomy":"post_tag","embeddable":true,"href":"https:\/\/www.sincomam.org.br\/index.php\/wp-json\/wp\/v2\/tags?post=40804"}],"curies":[{"name":"wp","href":"https:\/\/api.w.org\/{rel}","templated":true}]}}