{"id":40795,"date":"2022-08-10T09:24:02","date_gmt":"2022-08-10T12:24:02","guid":{"rendered":"http:\/\/www.sincomam.org.br\/?p=40795"},"modified":"2022-08-10T09:24:02","modified_gmt":"2022-08-10T12:24:02","slug":"navio-de-portugal-desembarca-no-ceara-com-carga-para-renovar-tecnologia-de-torres-eolicas-onshore","status":"publish","type":"post","link":"https:\/\/www.sincomam.org.br\/index.php\/navio-de-portugal-desembarca-no-ceara-com-carga-para-renovar-tecnologia-de-torres-eolicas-onshore\/","title":{"rendered":"Navio de Portugal desembarca no Cear\u00e1 com carga para renovar tecnologia de torres e\u00f3licas onshore"},"content":{"rendered":"<p>Atracou nesta ter\u00e7a-feira (9), no Porto do Pec\u00e9m o navio &#8220;Lady Hannah&#8221;, vindo de Portugal com 148.39 toneladas, composta por tr\u00eas p\u00e1s, uma torre, um nacele, um rotor e dois cont\u00eaineres com diferentes acess\u00f3rios para torres e\u00f3licas onshores que ir\u00e3o passar por processo de renova\u00e7\u00e3o de tecnologia.<\/p>\n<p>O gerente comercial da Tecer Terminais, empresa que atua como prestadora de servi\u00e7o operacional no Porto do Pec\u00e9m, Carlos Alberto Nunes, destaca que o Cear\u00e1 est\u00e1 recebendo grandes investimentos no setor energ\u00e9tico. &#8220;Agora mesmo, estamos com este navio vindo de Portugal trazendo uma importante carga para realizarmos a renova\u00e7\u00e3o da tecnologia das turbinas terrestres. \u00c9 importante ressaltar que as turbinas terrestres ir\u00e3o ultrapassar a marca de 4 MW de pot\u00eancia. Isso representar\u00e1 uma redu\u00e7\u00e3o do custo final da energia e\u00f3lica, devido tanto ao ajuste do investimento quanto \u00e0 melhoria da efici\u00eancia dos aerogeradores\u201d, diz o executivo.<\/p>\n<p>A capacidade instal\u00e1vel de gera\u00e7\u00e3o h\u00edbrida no estado (e\u00f3lica + solar fotovoltaica), identificada no Atlas E\u00f3lico e Solar do Cear\u00e1, \u00e9 de 137 GW.<\/p>\n<p>Fonte: Portos e Navios<\/p>\n","protected":false},"excerpt":{"rendered":"<p>Atracou nesta ter\u00e7a-feira (9), no Porto do Pec\u00e9m o navio &#8220;Lady Hannah&#8221;, vindo de Portugal com 148.39 toneladas, composta por tr\u00eas p\u00e1s, uma torre, um&#8230;<\/p>\n","protected":false},"author":1527,"featured_media":40796,"comment_status":"closed","ping_status":"closed","sticky":false,"template":"","format":"standard","meta":{"footnotes":""},"categories":[6],"tags":[],"class_list":["post-40795","post","type-post","status-publish","format-standard","has-post-thumbnail","hentry","category-noticias"],"_links":{"self":[{"href":"https:\/\/www.sincomam.org.br\/index.php\/wp-json\/wp\/v2\/posts\/40795","targetHints":{"allow":["GET"]}}],"collection":[{"href":"https:\/\/www.sincomam.org.br\/index.php\/wp-json\/wp\/v2\/posts"}],"about":[{"href":"https:\/\/www.sincomam.org.br\/index.php\/wp-json\/wp\/v2\/types\/post"}],"author":[{"embeddable":true,"href":"https:\/\/www.sincomam.org.br\/index.php\/wp-json\/wp\/v2\/users\/1527"}],"replies":[{"embeddable":true,"href":"https:\/\/www.sincomam.org.br\/index.php\/wp-json\/wp\/v2\/comments?post=40795"}],"version-history":[{"count":1,"href":"https:\/\/www.sincomam.org.br\/index.php\/wp-json\/wp\/v2\/posts\/40795\/revisions"}],"predecessor-version":[{"id":40797,"href":"https:\/\/www.sincomam.org.br\/index.php\/wp-json\/wp\/v2\/posts\/40795\/revisions\/40797"}],"wp:featuredmedia":[{"embeddable":true,"href":"https:\/\/www.sincomam.org.br\/index.php\/wp-json\/wp\/v2\/media\/40796"}],"wp:attachment":[{"href":"https:\/\/www.sincomam.org.br\/index.php\/wp-json\/wp\/v2\/media?parent=40795"}],"wp:term":[{"taxonomy":"category","embeddable":true,"href":"https:\/\/www.sincomam.org.br\/index.php\/wp-json\/wp\/v2\/categories?post=40795"},{"taxonomy":"post_tag","embeddable":true,"href":"https:\/\/www.sincomam.org.br\/index.php\/wp-json\/wp\/v2\/tags?post=40795"}],"curies":[{"name":"wp","href":"https:\/\/api.w.org\/{rel}","templated":true}]}}