{"id":40786,"date":"2022-08-09T08:57:41","date_gmt":"2022-08-09T11:57:41","guid":{"rendered":"http:\/\/www.sincomam.org.br\/?p=40786"},"modified":"2022-08-09T08:57:41","modified_gmt":"2022-08-09T11:57:41","slug":"submarino-riachuelo-sera-comissionado-em-1-de-setembro","status":"publish","type":"post","link":"https:\/\/www.sincomam.org.br\/index.php\/submarino-riachuelo-sera-comissionado-em-1-de-setembro\/","title":{"rendered":"Submarino Riachuelo ser\u00e1 comissionado em 1\u00b0 de Setembro"},"content":{"rendered":"<p>A Marinha do Brasil, por interm\u00e9dio de sua Diretoria-Geral de Desenvolvimento Nuclear e Tecnol\u00f3gico (DGDNTM), informa que o Submarino \u201cRiachuelo\u201d (S40) ser\u00e1 transferido para o Setor Operativo da For\u00e7a Naval no pr\u00f3ximo m\u00eas de setembro.<\/p>\n<p>Um dos quatro submarinos com propuls\u00e3o diesel-el\u00e9trica (S-BR) previstos no Programa de Submarinos (PROSUB), o qual representa o primeiro da Classe \u201cRiachuelo\u201d, cumpriu um extenso e rigoroso calend\u00e1rio de Testes de Aceita\u00e7\u00e3o no Porto e no Mar e est\u00e1 pronto para iniciar a prepara\u00e7\u00e3o para sua fase operativa, a fim de cumprir a miss\u00e3o de patrulhar as \u00e1guas jurisdicionais brasileiras que formam a Amaz\u00f4nia Azul e as \u00e1reas de import\u00e2ncia estrat\u00e9gica para o Brasil no Atl\u00e2ntico Sul.<\/p>\n<p>A tradicional Cerim\u00f4nia de Mostra de Armamento, marco oficial da transfer\u00eancia de um meio naval ao Setor Operativo da Marinha, ser\u00e1 realizada no pr\u00f3ximo dia 1\u00ba de setembro, no Complexo Naval de Itagua\u00ed (CNI), litoral Sul do estado do Rio de Janeiro.<\/p>\n<p>A execu\u00e7\u00e3o do PROSUB e as atividades relacionadas aos S-BR \u201cHumait\u00e1\u201d (S41), \u201cTonelero\u201d (S42), \u201cAngostura\u201d (S43) e ao Submarino Convencionalmente Armado com Propuls\u00e3o Nuclear (SCPN) \u201c\u00c1lvaro Alberto\u201d permanecem em andamento conforme planejadas e avan\u00e7am em diferentes est\u00e1gios de prontifica\u00e7\u00e3o.<\/p>\n<p>Fonte: Defesa em Foco<\/p>\n","protected":false},"excerpt":{"rendered":"<p>A Marinha do Brasil, por interm\u00e9dio de sua Diretoria-Geral de Desenvolvimento Nuclear e Tecnol\u00f3gico (DGDNTM), informa que o Submarino \u201cRiachuelo\u201d (S40) ser\u00e1 transferido para o&#8230;<\/p>\n","protected":false},"author":1527,"featured_media":40787,"comment_status":"closed","ping_status":"closed","sticky":false,"template":"","format":"standard","meta":{"footnotes":""},"categories":[6],"tags":[],"class_list":["post-40786","post","type-post","status-publish","format-standard","has-post-thumbnail","hentry","category-noticias"],"_links":{"self":[{"href":"https:\/\/www.sincomam.org.br\/index.php\/wp-json\/wp\/v2\/posts\/40786","targetHints":{"allow":["GET"]}}],"collection":[{"href":"https:\/\/www.sincomam.org.br\/index.php\/wp-json\/wp\/v2\/posts"}],"about":[{"href":"https:\/\/www.sincomam.org.br\/index.php\/wp-json\/wp\/v2\/types\/post"}],"author":[{"embeddable":true,"href":"https:\/\/www.sincomam.org.br\/index.php\/wp-json\/wp\/v2\/users\/1527"}],"replies":[{"embeddable":true,"href":"https:\/\/www.sincomam.org.br\/index.php\/wp-json\/wp\/v2\/comments?post=40786"}],"version-history":[{"count":1,"href":"https:\/\/www.sincomam.org.br\/index.php\/wp-json\/wp\/v2\/posts\/40786\/revisions"}],"predecessor-version":[{"id":40788,"href":"https:\/\/www.sincomam.org.br\/index.php\/wp-json\/wp\/v2\/posts\/40786\/revisions\/40788"}],"wp:featuredmedia":[{"embeddable":true,"href":"https:\/\/www.sincomam.org.br\/index.php\/wp-json\/wp\/v2\/media\/40787"}],"wp:attachment":[{"href":"https:\/\/www.sincomam.org.br\/index.php\/wp-json\/wp\/v2\/media?parent=40786"}],"wp:term":[{"taxonomy":"category","embeddable":true,"href":"https:\/\/www.sincomam.org.br\/index.php\/wp-json\/wp\/v2\/categories?post=40786"},{"taxonomy":"post_tag","embeddable":true,"href":"https:\/\/www.sincomam.org.br\/index.php\/wp-json\/wp\/v2\/tags?post=40786"}],"curies":[{"name":"wp","href":"https:\/\/api.w.org\/{rel}","templated":true}]}}