{"id":40769,"date":"2022-08-08T01:33:03","date_gmt":"2022-08-08T04:33:03","guid":{"rendered":"http:\/\/www.sincomam.org.br\/?p=40769"},"modified":"2022-08-08T01:33:03","modified_gmt":"2022-08-08T04:33:03","slug":"camara-aprova-homenagem-a-marinheiro-que-morreu-defendendo-a-bandeira-na-batalha-de-riachuelo","status":"publish","type":"post","link":"https:\/\/www.sincomam.org.br\/index.php\/camara-aprova-homenagem-a-marinheiro-que-morreu-defendendo-a-bandeira-na-batalha-de-riachuelo\/","title":{"rendered":"C\u00e2mara aprova homenagem a marinheiro que morreu defendendo a bandeira na Batalha de Riachuelo"},"content":{"rendered":"<p>A C\u00e2mara dos Deputados aprovou o Projeto de Lei 1402\/22, do deputado Sanderson (PL-RS), que inscreve o nome do Imperial Marinheiro Marc\u00edlio Dias no Livro dos Her\u00f3is e Hero\u00ednas da P\u00e1tria. O livro com p\u00e1ginas de a\u00e7o relaciona os her\u00f3is oficialmente reconhecidos do Brasil e fica no Pante\u00e3o da P\u00e1tria Tancredo Neves, localizado na Pra\u00e7a dos Tr\u00eas Poderes, em Bras\u00edlia. A proposta ainda deve ser analisada pelo Senado.<\/p>\n<p>Marc\u00edlio Dias pode ser o primeiro militar negro a ser reconhecido como her\u00f3i da P\u00e1tria. A relatora do projeto, deputada Dra. Soraya Manato (PTB-ES), observou que as homenagens geralmente s\u00e3o dedicadas a oficiais de alta patente. \u201cEle era um simples pra\u00e7a, um marinheiro\u201d, destacou. \u201cA hist\u00f3ria n\u00e3o se faz apenas pela a\u00e7\u00e3o dos seus governantes, pol\u00edticos, magistrados, mas tamb\u00e9m pela atua\u00e7\u00e3o de cada um que, sem af\u00e3 de gl\u00f3ria imediata, cumpre o seu dever com devo\u00e7\u00e3o ao Pa\u00eds.\u201d<\/p>\n<p>O marinheiro se destacou por sua bravura na Batalha Naval de Riachuelo, travada em 11 de junho de 1865 e considerada um dos mais importantes confrontos da Guerra do Paraguai, com resultado decisivo para a vit\u00f3ria do Brasil. A bordo da canhoneira Parna\u00edba, Marc\u00edlio Dias lutou corpo a corpo contra quatro paraguaios que tentavam tomar a bandeira do Brasil. Tendo o bra\u00e7o decepado, morreu aos 27 anos e foi sepultado com honras militares nas pr\u00f3prias \u00e1guas do rio Paran\u00e1.<\/p>\n<p>Presidindo a sess\u00e3o, a deputada Bia Kicis (PL-DF) parabenizou a Marinha do Brasil. \u201cNunca \u00e9 demais fazermos o reconhecimento de nossos her\u00f3is\u201d, comentou. \u201cEm um tempo em que nossa bandeira pode ser at\u00e9 pisoteada, saber que um marinheiro deu a vida para proteg\u00ea-la nos enche de emo\u00e7\u00e3o e sentimento de dever cumprido.\u201d<\/p>\n<p>Fonte: Ag\u00eancia Camara<\/p>\n","protected":false},"excerpt":{"rendered":"<p>A C\u00e2mara dos Deputados aprovou o Projeto de Lei 1402\/22, do deputado Sanderson (PL-RS), que inscreve o nome do Imperial Marinheiro Marc\u00edlio Dias no Livro&#8230;<\/p>\n","protected":false},"author":1527,"featured_media":0,"comment_status":"closed","ping_status":"closed","sticky":false,"template":"","format":"standard","meta":{"footnotes":""},"categories":[6],"tags":[],"class_list":["post-40769","post","type-post","status-publish","format-standard","hentry","category-noticias"],"_links":{"self":[{"href":"https:\/\/www.sincomam.org.br\/index.php\/wp-json\/wp\/v2\/posts\/40769","targetHints":{"allow":["GET"]}}],"collection":[{"href":"https:\/\/www.sincomam.org.br\/index.php\/wp-json\/wp\/v2\/posts"}],"about":[{"href":"https:\/\/www.sincomam.org.br\/index.php\/wp-json\/wp\/v2\/types\/post"}],"author":[{"embeddable":true,"href":"https:\/\/www.sincomam.org.br\/index.php\/wp-json\/wp\/v2\/users\/1527"}],"replies":[{"embeddable":true,"href":"https:\/\/www.sincomam.org.br\/index.php\/wp-json\/wp\/v2\/comments?post=40769"}],"version-history":[{"count":1,"href":"https:\/\/www.sincomam.org.br\/index.php\/wp-json\/wp\/v2\/posts\/40769\/revisions"}],"predecessor-version":[{"id":40771,"href":"https:\/\/www.sincomam.org.br\/index.php\/wp-json\/wp\/v2\/posts\/40769\/revisions\/40771"}],"wp:attachment":[{"href":"https:\/\/www.sincomam.org.br\/index.php\/wp-json\/wp\/v2\/media?parent=40769"}],"wp:term":[{"taxonomy":"category","embeddable":true,"href":"https:\/\/www.sincomam.org.br\/index.php\/wp-json\/wp\/v2\/categories?post=40769"},{"taxonomy":"post_tag","embeddable":true,"href":"https:\/\/www.sincomam.org.br\/index.php\/wp-json\/wp\/v2\/tags?post=40769"}],"curies":[{"name":"wp","href":"https:\/\/api.w.org\/{rel}","templated":true}]}}