{"id":40763,"date":"2022-08-08T01:27:21","date_gmt":"2022-08-08T04:27:21","guid":{"rendered":"http:\/\/www.sincomam.org.br\/?p=40763"},"modified":"2022-08-08T01:27:21","modified_gmt":"2022-08-08T04:27:21","slug":"brasil-teve-11-recordes-de-geracao-eolica-e-solar-em-julho-diz-ons","status":"publish","type":"post","link":"https:\/\/www.sincomam.org.br\/index.php\/brasil-teve-11-recordes-de-geracao-eolica-e-solar-em-julho-diz-ons\/","title":{"rendered":"Brasil teve 11 recordes de gera\u00e7\u00e3o e\u00f3lica e solar em julho, diz ONS"},"content":{"rendered":"<p>O Brasil registrou em julho 11 recordes de gera\u00e7\u00e3o renov\u00e1vel, sendo seis de energia solar fotovoltaica e cinco de gera\u00e7\u00e3o e\u00f3lica, informou o Operador Nacional do Sistema El\u00e9trico (ONS) em comunicado. Os recordes s\u00e3o de gera\u00e7\u00e3o m\u00e9dia (ao longo do dia) e instant\u00e2nea, verificado em algum momento do dia.<br \/>\nUm dos \u00faltimos recordes foi verificado no dia 28 de julho, de 3.164 megawatts (MW) em gera\u00e7\u00e3o solar instant\u00e2nea no subsistema Nordeste. Esse \u00edndice, que superou os 3.153 MW instant\u00e2neos, do dia 25 de julho, representou 29,9% da demanda da regi\u00e3o.<\/p>\n<p>O Sistema Interligado Nacional (SIN) tamb\u00e9m apresentou recorde de gera\u00e7\u00e3o de energia solar m\u00e9dia no dia 28 de julho, com 1.495 MW m\u00e9dios, correspondendo a 2,1% da demanda de todo o sistema.<br \/>\nAinda de acordo com o ONS, a fonte e\u00f3lica registrou recorde de gera\u00e7\u00e3o instant\u00e2nea, ao apurar 14.539 MW no dia 31 de julho, representando 116,1% da demanda da regi\u00e3o. &#8220;O dado superou o melhor resultado registrado at\u00e9 ent\u00e3o, 14.473 MW, no dia 24 de julho&#8221;, disse o ONS.<\/p>\n<p>Fonte: Valor<\/p>\n","protected":false},"excerpt":{"rendered":"<p>O Brasil registrou em julho 11 recordes de gera\u00e7\u00e3o renov\u00e1vel, sendo seis de energia solar fotovoltaica e cinco de gera\u00e7\u00e3o e\u00f3lica, informou o Operador Nacional&#8230;<\/p>\n","protected":false},"author":1527,"featured_media":40764,"comment_status":"closed","ping_status":"closed","sticky":false,"template":"","format":"standard","meta":{"footnotes":""},"categories":[6],"tags":[],"class_list":["post-40763","post","type-post","status-publish","format-standard","has-post-thumbnail","hentry","category-noticias"],"_links":{"self":[{"href":"https:\/\/www.sincomam.org.br\/index.php\/wp-json\/wp\/v2\/posts\/40763","targetHints":{"allow":["GET"]}}],"collection":[{"href":"https:\/\/www.sincomam.org.br\/index.php\/wp-json\/wp\/v2\/posts"}],"about":[{"href":"https:\/\/www.sincomam.org.br\/index.php\/wp-json\/wp\/v2\/types\/post"}],"author":[{"embeddable":true,"href":"https:\/\/www.sincomam.org.br\/index.php\/wp-json\/wp\/v2\/users\/1527"}],"replies":[{"embeddable":true,"href":"https:\/\/www.sincomam.org.br\/index.php\/wp-json\/wp\/v2\/comments?post=40763"}],"version-history":[{"count":1,"href":"https:\/\/www.sincomam.org.br\/index.php\/wp-json\/wp\/v2\/posts\/40763\/revisions"}],"predecessor-version":[{"id":40765,"href":"https:\/\/www.sincomam.org.br\/index.php\/wp-json\/wp\/v2\/posts\/40763\/revisions\/40765"}],"wp:featuredmedia":[{"embeddable":true,"href":"https:\/\/www.sincomam.org.br\/index.php\/wp-json\/wp\/v2\/media\/40764"}],"wp:attachment":[{"href":"https:\/\/www.sincomam.org.br\/index.php\/wp-json\/wp\/v2\/media?parent=40763"}],"wp:term":[{"taxonomy":"category","embeddable":true,"href":"https:\/\/www.sincomam.org.br\/index.php\/wp-json\/wp\/v2\/categories?post=40763"},{"taxonomy":"post_tag","embeddable":true,"href":"https:\/\/www.sincomam.org.br\/index.php\/wp-json\/wp\/v2\/tags?post=40763"}],"curies":[{"name":"wp","href":"https:\/\/api.w.org\/{rel}","templated":true}]}}