{"id":40760,"date":"2022-08-08T01:22:47","date_gmt":"2022-08-08T04:22:47","guid":{"rendered":"http:\/\/www.sincomam.org.br\/?p=40760"},"modified":"2022-08-08T01:22:47","modified_gmt":"2022-08-08T04:22:47","slug":"itajai-vai-lancar-edital-para-escolha-do-novo-operador-portuario-dos-bercos-1-e-2-durante-periodo-de-transicao","status":"publish","type":"post","link":"https:\/\/www.sincomam.org.br\/index.php\/itajai-vai-lancar-edital-para-escolha-do-novo-operador-portuario-dos-bercos-1-e-2-durante-periodo-de-transicao\/","title":{"rendered":"Itaja\u00ed vai lan\u00e7ar edital para escolha do novo operador portu\u00e1rio dos ber\u00e7os 1 e 2 durante per\u00edodo de transi\u00e7\u00e3o"},"content":{"rendered":"<p>A Superintend\u00eancia do Porto de Itaja\u00ed publicou o edital de processo seletivo simplificado para celebra\u00e7\u00e3o de contrato de arrendamento transit\u00f3rio da \u00e1rea operacional nos ber\u00e7os 1 e 2, enquanto o Minist\u00e9rio da Infraestrutura n\u00e3o finaliza o processo de desestatiza\u00e7\u00e3o.<\/p>\n<p>A APM Terminals, atual arrendat\u00e1ria e com contrato v\u00e1lido at\u00e9 dezembro deste ano, informou oficialmente n\u00e3o ter interesse em manter a opera\u00e7\u00e3o nas mesmas condi\u00e7\u00f5es do atual contrato durante essa fase transit\u00f3ria, que inicia em janeiro de 2023.<\/p>\n<p>O prazo para recebimento das propostas vai at\u00e9 12 de agosto. \u201cAp\u00f3s a negativa da APM Terminals em manter as atividades nas mesmas condi\u00e7\u00f5es, somos obrigados a realizar o processo seletivo simplificado. A empresa com a melhor proposta assumir\u00e1 o arrendamento transit\u00f3rio e ficar\u00e1 \u00e0 frente do nosso porto at\u00e9 a finaliza\u00e7\u00e3o da desestatiza\u00e7\u00e3o. A pr\u00f3pria APM Terminals tamb\u00e9m poder\u00e1 participar do processo transit\u00f3rio\u201d, explica o superintendente do Porto de Itaja\u00ed, F\u00e1bio da Veiga.<\/p>\n<p>O contrato da Superintend\u00eancia do Porto de Itaja\u00ed com a arrendat\u00e1ria provis\u00f3ria ter\u00e1 validade de seis meses, a partir de janeiro do ano que vem, podendo ser prorrogado dentro do per\u00edodo de at\u00e9 dois anos estipulado na prorroga\u00e7\u00e3o do conv\u00eanio de delega\u00e7\u00e3o ao munic\u00edpio de Itaja\u00ed, ou at\u00e9 que se encerre o processo licitat\u00f3rio da \u00e1rea pela Uni\u00e3o.<\/p>\n<p>No final de julho, o munic\u00edpio de Itaja\u00ed e a superintend\u00eancia do porto protocolaram of\u00edcio ao Minist\u00e9rio da Infraestrutura\/Secretaria Nacional de Portos e Transportes Aquavi\u00e1rios concordando com a proposta do Governo Federal de prorroga\u00e7\u00e3o do conv\u00eanio de delega\u00e7\u00e3o por at\u00e9 dois anos, a partir de janeiro de 2023, uma vez que a Uni\u00e3o ainda n\u00e3o conseguiu finalizar o processo de desestatiza\u00e7\u00e3o do porto.<\/p>\n<p>O munic\u00edpio enfatizou sua contrariedade a uma cl\u00e1usula resolutiva presente no documento, mas aceitou a renova\u00e7\u00e3o da autoridade portu\u00e1ria p\u00fablica municipal para evitar preju\u00edzos maiores ao Porto de Itaja\u00ed. A exclus\u00e3o da cl\u00e1usula garantiria a delega\u00e7\u00e3o pelos pr\u00f3ximos dois anos, sem possibilidade de encerr\u00e1-lo antes, medida importante para evitar problemas socioecon\u00f4micos que a inseguran\u00e7a log\u00edstica pode causar, mas a Uni\u00e3o decidiu manter a condi\u00e7\u00e3o.<\/p>\n<p>Atualmente, o Complexo Portu\u00e1rio de Itaja\u00ed movimenta mais de 70% da corrente de com\u00e9rcio de Santa Catarina e quase 5% do total nacional (US$ 16 bilh\u00f5es ao ano) e possui a maior capacidade de infraestrutura para cargas refrigeradas.<\/p>\n<p>Fonte: Portos e Navios<\/p>\n","protected":false},"excerpt":{"rendered":"<p>A Superintend\u00eancia do Porto de Itaja\u00ed publicou o edital de processo seletivo simplificado para celebra\u00e7\u00e3o de contrato de arrendamento transit\u00f3rio da \u00e1rea operacional nos ber\u00e7os&#8230;<\/p>\n","protected":false},"author":1527,"featured_media":40761,"comment_status":"closed","ping_status":"closed","sticky":false,"template":"","format":"standard","meta":{"footnotes":""},"categories":[6],"tags":[],"class_list":["post-40760","post","type-post","status-publish","format-standard","has-post-thumbnail","hentry","category-noticias"],"_links":{"self":[{"href":"https:\/\/www.sincomam.org.br\/index.php\/wp-json\/wp\/v2\/posts\/40760","targetHints":{"allow":["GET"]}}],"collection":[{"href":"https:\/\/www.sincomam.org.br\/index.php\/wp-json\/wp\/v2\/posts"}],"about":[{"href":"https:\/\/www.sincomam.org.br\/index.php\/wp-json\/wp\/v2\/types\/post"}],"author":[{"embeddable":true,"href":"https:\/\/www.sincomam.org.br\/index.php\/wp-json\/wp\/v2\/users\/1527"}],"replies":[{"embeddable":true,"href":"https:\/\/www.sincomam.org.br\/index.php\/wp-json\/wp\/v2\/comments?post=40760"}],"version-history":[{"count":1,"href":"https:\/\/www.sincomam.org.br\/index.php\/wp-json\/wp\/v2\/posts\/40760\/revisions"}],"predecessor-version":[{"id":40762,"href":"https:\/\/www.sincomam.org.br\/index.php\/wp-json\/wp\/v2\/posts\/40760\/revisions\/40762"}],"wp:featuredmedia":[{"embeddable":true,"href":"https:\/\/www.sincomam.org.br\/index.php\/wp-json\/wp\/v2\/media\/40761"}],"wp:attachment":[{"href":"https:\/\/www.sincomam.org.br\/index.php\/wp-json\/wp\/v2\/media?parent=40760"}],"wp:term":[{"taxonomy":"category","embeddable":true,"href":"https:\/\/www.sincomam.org.br\/index.php\/wp-json\/wp\/v2\/categories?post=40760"},{"taxonomy":"post_tag","embeddable":true,"href":"https:\/\/www.sincomam.org.br\/index.php\/wp-json\/wp\/v2\/tags?post=40760"}],"curies":[{"name":"wp","href":"https:\/\/api.w.org\/{rel}","templated":true}]}}