{"id":40750,"date":"2022-08-09T01:18:53","date_gmt":"2022-08-09T04:18:53","guid":{"rendered":"http:\/\/www.sincomam.org.br\/?p=40750"},"modified":"2022-08-09T08:03:47","modified_gmt":"2022-08-09T11:03:47","slug":"audiencia-publica-busca-subsidios-para-novo-edital-de-transporte-aquaviario-do-rj","status":"publish","type":"post","link":"https:\/\/www.sincomam.org.br\/index.php\/audiencia-publica-busca-subsidios-para-novo-edital-de-transporte-aquaviario-do-rj\/","title":{"rendered":"Audi\u00eancia p\u00fablica busca subs\u00eddios para novo edital de transporte aquavi\u00e1rio do RJ"},"content":{"rendered":"<p>A Secretaria de Transportes do Rio de Janeiro contratou a UFRJ para elaborar uma nova modelagem para o sistema aquavi\u00e1rio do Rio de Janeiro. A previs\u00e3o \u00e9 de que o documento final seja entregue em dezembro. A concess\u00e3o da CCR Barcas vence em fevereiro do pr\u00f3ximo ano.<br \/>\nSer\u00e1 realizada nesta ter\u00e7a \u00e0s 10hs na UFRJ, na Ilha do Fund\u00e3o, uma audi\u00eancia p\u00fablica com representantes da sociedade de Angra dos Reis, Duque de Caxias, Ilha do Fund\u00e3o, Ilha do Governador, Ilha Grande, Ilha de Paquet\u00e1, Mangaratiba, Mag\u00e9, Niter\u00f3i, Rio de Janeiro, S\u00e3o Gon\u00e7alo e Sepetiba. O objetivo \u00e9 buscar subs\u00eddios junto aos interessados no tema.<\/p>\n<p>A Secretaria de Transportes ressalta que n\u00e3o considera qualquer perspectiva de interrup\u00e7\u00e3o da presta\u00e7\u00e3o do servi\u00e7o para o atendimento \u00e0 popula\u00e7\u00e3o.\u00a0 A CCR Barcas informa que seguir\u00e1 cumprindo o contrato de concess\u00e3o at\u00e9 o dia 11\/02\/2023, quando se encerra o prazo contratual, conforme alertado desde 2018.\u00a0 A Concession\u00e1ria garante que est\u00e1 \u00e0 disposi\u00e7\u00e3o para apoiar o Governo do Estado do Rio de Janeiro na elabora\u00e7\u00e3o da modelagem, solu\u00e7\u00e3o provis\u00f3ria e edital de licita\u00e7\u00e3o.<\/p>\n<p>Fonte: Portos e Navios<\/p>\n","protected":false},"excerpt":{"rendered":"<p>A Secretaria de Transportes do Rio de Janeiro contratou a UFRJ para elaborar uma nova modelagem para o sistema aquavi\u00e1rio do Rio de Janeiro. A&#8230;<\/p>\n","protected":false},"author":1527,"featured_media":40751,"comment_status":"closed","ping_status":"closed","sticky":false,"template":"","format":"standard","meta":{"footnotes":""},"categories":[6],"tags":[],"class_list":["post-40750","post","type-post","status-publish","format-standard","has-post-thumbnail","hentry","category-noticias"],"_links":{"self":[{"href":"https:\/\/www.sincomam.org.br\/index.php\/wp-json\/wp\/v2\/posts\/40750","targetHints":{"allow":["GET"]}}],"collection":[{"href":"https:\/\/www.sincomam.org.br\/index.php\/wp-json\/wp\/v2\/posts"}],"about":[{"href":"https:\/\/www.sincomam.org.br\/index.php\/wp-json\/wp\/v2\/types\/post"}],"author":[{"embeddable":true,"href":"https:\/\/www.sincomam.org.br\/index.php\/wp-json\/wp\/v2\/users\/1527"}],"replies":[{"embeddable":true,"href":"https:\/\/www.sincomam.org.br\/index.php\/wp-json\/wp\/v2\/comments?post=40750"}],"version-history":[{"count":2,"href":"https:\/\/www.sincomam.org.br\/index.php\/wp-json\/wp\/v2\/posts\/40750\/revisions"}],"predecessor-version":[{"id":40779,"href":"https:\/\/www.sincomam.org.br\/index.php\/wp-json\/wp\/v2\/posts\/40750\/revisions\/40779"}],"wp:featuredmedia":[{"embeddable":true,"href":"https:\/\/www.sincomam.org.br\/index.php\/wp-json\/wp\/v2\/media\/40751"}],"wp:attachment":[{"href":"https:\/\/www.sincomam.org.br\/index.php\/wp-json\/wp\/v2\/media?parent=40750"}],"wp:term":[{"taxonomy":"category","embeddable":true,"href":"https:\/\/www.sincomam.org.br\/index.php\/wp-json\/wp\/v2\/categories?post=40750"},{"taxonomy":"post_tag","embeddable":true,"href":"https:\/\/www.sincomam.org.br\/index.php\/wp-json\/wp\/v2\/tags?post=40750"}],"curies":[{"name":"wp","href":"https:\/\/api.w.org\/{rel}","templated":true}]}}