{"id":40741,"date":"2022-08-05T09:36:34","date_gmt":"2022-08-05T12:36:34","guid":{"rendered":"http:\/\/www.sincomam.org.br\/?p=40741"},"modified":"2022-08-05T09:36:34","modified_gmt":"2022-08-05T12:36:34","slug":"petrorio-anuncia-inicio-da-producao-de-petroleo-em-novo-poco-no-campo-de-frade-e-avanca-na-revitalizacao-da-area-na-bacia-de-campos","status":"publish","type":"post","link":"https:\/\/www.sincomam.org.br\/index.php\/petrorio-anuncia-inicio-da-producao-de-petroleo-em-novo-poco-no-campo-de-frade-e-avanca-na-revitalizacao-da-area-na-bacia-de-campos\/","title":{"rendered":"PetroRio anuncia in\u00edcio da produ\u00e7\u00e3o de petr\u00f3leo em novo po\u00e7o no Campo de Frade e avan\u00e7a na revitaliza\u00e7\u00e3o da \u00e1rea na Bacia de Campos"},"content":{"rendered":"<p>Na \u00faltima ter\u00e7a-feira, (02\/08), a companhia de \u00f3leo e g\u00e1s PetroRio anunciou mais uma etapa do plano de revitaliza\u00e7\u00e3o da produ\u00e7\u00e3o de combust\u00edveis no Campo de Frade, na Bacia de Campos, localizada no sudeste do Brasil. Isso, pois a empresa iniciou a produ\u00e7\u00e3o do segundo po\u00e7o de petr\u00f3leo e g\u00e1s natural na regi\u00e3o do Campo de Frade, o 7-FR-55H-RJS, que dar\u00e1 agora novos rumos \u00e0 retomada da explora\u00e7\u00e3o do recurso na regi\u00e3o. <\/p>\n<p>A companhia PetroRio deu mais um passo para avan\u00e7ar o seu programa de revitaliza\u00e7\u00e3o da produ\u00e7\u00e3o no Campo de Frade, na Bacia de Campos, e anunciou que deu in\u00edcio \u00e0 produ\u00e7\u00e3o de petr\u00f3leo no segundo po\u00e7o da regi\u00e3o, o 7-FR-55H-RJS (tamb\u00e9m chamado de MUP3A). Essa nova fase do plano possibilitar\u00e1 n\u00e3o s\u00f3 a expans\u00e3o da retomada produtiva na \u00e1rea, mas tamb\u00e9m um crescimento da companhia no ramo de \u00f3leo e g\u00e1s nacional. <\/p>\n<p>Al\u00e9m disso, a PetroRio anunciou mais detalhes acerca da campanha de produ\u00e7\u00e3o de petr\u00f3leo no Campo de Frade e disse que o po\u00e7o 7-FR-55H-RJS ter\u00e1 extra\u00e7\u00e3o inicial m\u00e9dia de aproximadamente 3.500 barris de \u00f3leo por dia ao longo da primeira semana.<\/p>\n<p>Dessa forma, a petroleira garantiu um grande incremento no total produzido em seu portf\u00f3lio de neg\u00f3cios no territ\u00f3rio nacional, que passou de 48,5 mil barris por dia para 52 mil barris por dia, com o in\u00edcio da nova fase de revitaliza\u00e7\u00e3o da regi\u00e3o na Bacia de Campos. <\/p>\n<p>Todo o processo de perfura\u00e7\u00e3o do segundo po\u00e7o do plano de revitaliza\u00e7\u00e3o do Campo de Frade da PetroRio durou um total de 40 dias, de acordo com os dados da companhia de \u00f3leo e g\u00e1s, e contou com um aporte total de US$ 22 milh\u00f5es para as obras. A empresa ainda anunciou que o po\u00e7o MUP3A utilizou a estrutura subsea e parte do po\u00e7o MUP3, que estava sem produzir, garantindo assim mais rapidez e efici\u00eancia nas obras de perfura\u00e7\u00e3o da estrutura. <\/p>\n<p>Ap\u00f3s o in\u00edcio da produ\u00e7\u00e3o de petr\u00f3leo no mais recente po\u00e7o perfurado pela PetroRio no Campo de Frade, a pr\u00f3xima etapa do plano de revitaliza\u00e7\u00e3o da regi\u00e3o j\u00e1 est\u00e1 sendo executada por meio da sonda Norbe VI, da Ocyan e ser\u00e1 a perfura\u00e7\u00e3o do primeiro po\u00e7o injetor no escopo de revitaliza\u00e7\u00e3o da \u00e1rea. Essa estrutura visa aumentar ou melhorar a recupera\u00e7\u00e3o de g\u00e1s natural, ou petr\u00f3leo de um reservat\u00f3rio, para que seja injetado um fluido como \u00e1gua e g\u00e1s.<\/p>\n<p>Vale lembrar ainda que a PetroRio j\u00e1 havia anunciado bons resultados no plano de revitaliza\u00e7\u00e3o do Campo de Frade durante os \u00faltimos meses, com a perfura\u00e7\u00e3o do primeiro po\u00e7o da regi\u00e3o, o ODP4, que garantiu \u00e0 empresa uma produ\u00e7\u00e3o inicial estabilizada de aproximadamente 15 mil barris de \u00f3leo por dia. A empresa conseguiu assim expandir sua capacidade produtiva e cresceu 45%, totalizando 48,5 mil barris de \u00f3leo por dia.<\/p>\n<p>O plano de revitaliza\u00e7\u00e3o do Campo de Frade continua a todo vapor e dever\u00e1 receber novos aportes milion\u00e1rios para sua continua\u00e7\u00e3o, j\u00e1 que, em fevereiro desse ano, o CEO da PetroRio, Roberto Monteiro, afirmou que as obras de perfura\u00e7\u00e3o de po\u00e7os no campo de Frade receberiam cerca de US$ 210 milh\u00f5es em investimentos.<\/p>\n<p>Fonte: Click Petr\u00f3leo e G\u00e1s<\/p>\n","protected":false},"excerpt":{"rendered":"<p>Na \u00faltima ter\u00e7a-feira, (02\/08), a companhia de \u00f3leo e g\u00e1s PetroRio anunciou mais uma etapa do plano de revitaliza\u00e7\u00e3o da produ\u00e7\u00e3o de combust\u00edveis no Campo&#8230;<\/p>\n","protected":false},"author":1527,"featured_media":40742,"comment_status":"closed","ping_status":"closed","sticky":false,"template":"","format":"standard","meta":{"footnotes":""},"categories":[6],"tags":[],"class_list":["post-40741","post","type-post","status-publish","format-standard","has-post-thumbnail","hentry","category-noticias"],"_links":{"self":[{"href":"https:\/\/www.sincomam.org.br\/index.php\/wp-json\/wp\/v2\/posts\/40741","targetHints":{"allow":["GET"]}}],"collection":[{"href":"https:\/\/www.sincomam.org.br\/index.php\/wp-json\/wp\/v2\/posts"}],"about":[{"href":"https:\/\/www.sincomam.org.br\/index.php\/wp-json\/wp\/v2\/types\/post"}],"author":[{"embeddable":true,"href":"https:\/\/www.sincomam.org.br\/index.php\/wp-json\/wp\/v2\/users\/1527"}],"replies":[{"embeddable":true,"href":"https:\/\/www.sincomam.org.br\/index.php\/wp-json\/wp\/v2\/comments?post=40741"}],"version-history":[{"count":1,"href":"https:\/\/www.sincomam.org.br\/index.php\/wp-json\/wp\/v2\/posts\/40741\/revisions"}],"predecessor-version":[{"id":40743,"href":"https:\/\/www.sincomam.org.br\/index.php\/wp-json\/wp\/v2\/posts\/40741\/revisions\/40743"}],"wp:featuredmedia":[{"embeddable":true,"href":"https:\/\/www.sincomam.org.br\/index.php\/wp-json\/wp\/v2\/media\/40742"}],"wp:attachment":[{"href":"https:\/\/www.sincomam.org.br\/index.php\/wp-json\/wp\/v2\/media?parent=40741"}],"wp:term":[{"taxonomy":"category","embeddable":true,"href":"https:\/\/www.sincomam.org.br\/index.php\/wp-json\/wp\/v2\/categories?post=40741"},{"taxonomy":"post_tag","embeddable":true,"href":"https:\/\/www.sincomam.org.br\/index.php\/wp-json\/wp\/v2\/tags?post=40741"}],"curies":[{"name":"wp","href":"https:\/\/api.w.org\/{rel}","templated":true}]}}