{"id":40735,"date":"2022-08-05T09:31:00","date_gmt":"2022-08-05T12:31:00","guid":{"rendered":"http:\/\/www.sincomam.org.br\/?p=40735"},"modified":"2022-08-05T09:31:00","modified_gmt":"2022-08-05T12:31:00","slug":"em-webinar-dgmm-destaca-programas-da-marinha-e-seus-impactos-na-bids","status":"publish","type":"post","link":"https:\/\/www.sincomam.org.br\/index.php\/em-webinar-dgmm-destaca-programas-da-marinha-e-seus-impactos-na-bids\/","title":{"rendered":"Em webinar, DGMM destaca programas da Marinha e seus impactos na BIDS"},"content":{"rendered":"<p>A Diretoria-Geral do Material da Marinha (DGMM) e a ABIMDE (Associa\u00e7\u00e3o Brasileira das Ind\u00fastrias de Materiais de Defesa e Seguran\u00e7a) promoveram, nesta ter\u00e7a-feira (2), o webinar \u201cAtuais programas da Marinha do Brasil e seus impactos positivos para a Base Industrial de Defesa\u201d. A apresenta\u00e7\u00e3o foi conduzida pelo Almirante de Esquadra Jos\u00e9 Augusto Vieira da Cunha de Menezes, Diretor-Geral do Material da Marinha, que explanou sobre as atividades e programas e esclareceu d\u00favidas dos participantes.<\/p>\n<p>O presidente da ABIMDE, Dr. Roberto Gallo, abriu o webinar agradecendo ao Almirante Cunha por aceitar o convite. \u201c\u00c9 uma honra para todos n\u00f3s participarmos desse encontro. Muito obrigado por oferecer a nossas associadas esta oportunidade para se atualizarem sobre os programas da Marinha\u201d, disse.<\/p>\n<p>O Almirante Cunha iniciou a apresenta\u00e7\u00e3o falando sobre o conceito pol\u00edtico estrat\u00e9gico da Amaz\u00f4nia Azul, e as atribui\u00e7\u00f5es da Marinha nessa \u00e1rea mar\u00edtima, que abrange cerca de 5,7 km\u00b2.<\/p>\n<p>\u201cA Marinha Brasileira \u00e9 respons\u00e1vel pela aplica\u00e7\u00e3o da lei no mar (\u2026) n\u00e3o somos apenas para \u2018war fighting\u2019, somos dedicados \u00e0 fiscaliza\u00e7\u00e3o de fronteiras mar\u00edtimas, pesquisas, monitoramento e vigil\u00e2ncia, busca e salvamento. Para estabelecermos nossa soberania, precisamos de sistemas e consci\u00eancia situacional mar\u00edtima sobre esse imenso patrim\u00f4nio no mar\u201d, disse o Almirante.<\/p>\n<p>O Diretor-Geral apresentou as principais atribui\u00e7\u00f5es da DGMM e atualizou os participantes sobre a situa\u00e7\u00e3o dos principais programas da Marinha, destacando o SisGAAz (Sistema de Gerenciamento da Amaz\u00f4nia Azul), o Programa Fragatas Classe Tamandar\u00e9 (PFCT) e o PROSUB (Programa de Submarinos), entre outros.<\/p>\n<p>O Almirante tamb\u00e9m ressaltou como os programas contribuem para o avan\u00e7o da tecnologia nacional e para a economia, citando como exemplo o NApAnt (Navio de Apoio Ant\u00e1rtico), projeto gerenciado pela Empresa Gerencial de Projetos Navais \u2013 EMGEPRON, que espera gerar 600 empregos diretos e cerca de 6.000 indiretos.<\/p>\n<p>\u201cCada navio [fabricado no pa\u00eds] arrasta atr\u00e1s de si uma cadeia produtiva e de suprimentos enorme (\u2026) o arrasto tecnol\u00f3gico que esses programas trazem para o Brasil \u00e9 tang\u00edvel, conseguimos estabelecer quais as vari\u00e1veis trazidas ao processo e medi-las\u201d, explicou, acrescentando que os programas preveem manuten\u00e7\u00e3o, inclusive evolutiva, gerando benef\u00edcios para a cadeia produtiva e de suprimentos por at\u00e9 35 anos.<\/p>\n<p>Al\u00e9m disso, a capacita\u00e7\u00e3o tecnol\u00f3gica gerada nos programas contribui com a inser\u00e7\u00e3o das ind\u00fastrias brasileiras no mercado internacional, fomentando as exporta\u00e7\u00f5es.<\/p>\n<p><strong>Participantes<\/strong><br \/>\nO General Aderico Mattioli, presidente executivo da ABIMDE, agradeceu e parabenizou o Almirante Cunha pela apresenta\u00e7\u00e3o, ressaltando o evidente compromisso do almirantado em manter o plano estrat\u00e9gico da Marinha, apesar das flutua\u00e7\u00f5es or\u00e7ament\u00e1rias, gerando certa tranquilidade aos empres\u00e1rios da Base Industrial de Defesa e Seguran\u00e7a. Outro aspecto interessante na apresenta\u00e7\u00e3o, destacado por ele, \u00e9 com rela\u00e7\u00e3o ao processo licitat\u00f3rio focado nos marcos legais em vig\u00eancia, em especial o tecnol\u00f3gico.<\/p>\n<p>Citando a constru\u00e7\u00e3o do Gale\u00e3o Padre Eterno, no per\u00edodo colonial, o General lembrou que a Marinha tem uma longa hist\u00f3ria de preserva\u00e7\u00e3o de capacidades produtivas e de inova\u00e7\u00e3o.<\/p>\n<p>\u201cO maior navio do mundo, no s\u00e9culo XVII, foi constru\u00eddo no Brasil. Essas capacidades foram conquistadas com muito suor, a Marinha consegue preserv\u00e1-las, apesar das condicionantes or\u00e7ament\u00e1rias ao longo do tempo, e prioriza seus programas nacionalizando capacita\u00e7\u00f5es estrat\u00e9gicas. \u00c9 um orgulho muito grande termos a nossa Marinha Brasileira\u201d, afirmou Mattioli.<\/p>\n<p>Ele ressaltou ainda que a Marinha promove o desenvolvimento de tecnologias e capacidades, mas a Base Industrial de Defesa tem o desafio de escalar essa produ\u00e7\u00e3o. \u201cO cluster naval demanda alta tecnologia e qualidade, mas tem reduzida escala produtiva. \u00c9 um desafio que estamos enfrentando: como a ABIMDE pode colaborar para preservar essas capacidades?\u201d<\/p>\n<p>Neste sentido, o chefe de Gabinete da Secretaria de Produtos de Defesa (Seprod), General de Divis\u00e3o Luis Antonio Duizit Brito, destacou a import\u00e2ncia das empresas do cluster naval se certificarem como ED (Empresa de Defesa) ou EED (Empresa Estrat\u00e9gica de Defesa) para que possam ser apoiadas institucionalmente, passando a usufru\u00edrem de benef\u00edcios fiscais e de processos especiais de licita\u00e7\u00e3o. Ele lembrou que o Brasil tem hoje cerca de 1.200 empresas com atividades na \u00e1rea de Defesa, por\u00e9m apenas 140 est\u00e3o classificadas como empresas de Defesa.<\/p>\n<p>\u201cA empresa precisa ser uma ED ou EED para que a gente possa formalmente divulgar e fazer sua promo\u00e7\u00e3o internacionalmente e, assim, atingir esse objetivo da ABIMDE de gerar escala [para as associadas]\u201d, disse o General Duizit.<\/p>\n<p>A apresenta\u00e7\u00e3o despertou muito interesse por parte dos ouvintes, entre eles se manifestaram e encaminharam perguntas ao Almirante Cunha o comandante Luciano Lunardelli Salomon (Radiomar), Leonardo Taborda Sandor (Villares Metals) e o professor Marcos Jos\u00e9 Barbieri Ferreira (Unicamp \u2013 Universidade Estadual de Campinas).<\/p>\n<p>O evento, bastante prestigiado, contou ainda, al\u00e9m das empresas da Base Industrial de Defesa e Seguran\u00e7a (BIDS), com a participa\u00e7\u00e3o de representantes de diversos Comdefesa estaduais; e dos diretores de Departamentos da Seprod, o Contra-Almirante Vagner Belarmino de Oliveira (Produtos de Defesa), o General de Brigada Carlos Eduardo da Mota G\u00f3es (Ci\u00eancia, Tecnologia e Inova\u00e7\u00e3o) e o Brigadeiro do Ar Antonio Ferreira de Lima J\u00fanior (Promo\u00e7\u00e3o Comercial), entre outros convidados.<\/p>\n<p>O Almirante Cunha respondeu \u00e0s d\u00favidas dos participantes e, finalizando, agradeceu a todos e parabenizou, antecipadamente, a ABIMDE pelos 37 anos de atividades, que ser\u00e3o celebrados no dia 9 de agosto.<\/p>\n<p>Fonte: Defesa em Foco<\/p>\n","protected":false},"excerpt":{"rendered":"<p>A Diretoria-Geral do Material da Marinha (DGMM) e a ABIMDE (Associa\u00e7\u00e3o Brasileira das Ind\u00fastrias de Materiais de Defesa e Seguran\u00e7a) promoveram, nesta ter\u00e7a-feira (2), o&#8230;<\/p>\n","protected":false},"author":1527,"featured_media":40736,"comment_status":"closed","ping_status":"closed","sticky":false,"template":"","format":"standard","meta":{"footnotes":""},"categories":[6],"tags":[],"class_list":["post-40735","post","type-post","status-publish","format-standard","has-post-thumbnail","hentry","category-noticias"],"_links":{"self":[{"href":"https:\/\/www.sincomam.org.br\/index.php\/wp-json\/wp\/v2\/posts\/40735","targetHints":{"allow":["GET"]}}],"collection":[{"href":"https:\/\/www.sincomam.org.br\/index.php\/wp-json\/wp\/v2\/posts"}],"about":[{"href":"https:\/\/www.sincomam.org.br\/index.php\/wp-json\/wp\/v2\/types\/post"}],"author":[{"embeddable":true,"href":"https:\/\/www.sincomam.org.br\/index.php\/wp-json\/wp\/v2\/users\/1527"}],"replies":[{"embeddable":true,"href":"https:\/\/www.sincomam.org.br\/index.php\/wp-json\/wp\/v2\/comments?post=40735"}],"version-history":[{"count":1,"href":"https:\/\/www.sincomam.org.br\/index.php\/wp-json\/wp\/v2\/posts\/40735\/revisions"}],"predecessor-version":[{"id":40737,"href":"https:\/\/www.sincomam.org.br\/index.php\/wp-json\/wp\/v2\/posts\/40735\/revisions\/40737"}],"wp:featuredmedia":[{"embeddable":true,"href":"https:\/\/www.sincomam.org.br\/index.php\/wp-json\/wp\/v2\/media\/40736"}],"wp:attachment":[{"href":"https:\/\/www.sincomam.org.br\/index.php\/wp-json\/wp\/v2\/media?parent=40735"}],"wp:term":[{"taxonomy":"category","embeddable":true,"href":"https:\/\/www.sincomam.org.br\/index.php\/wp-json\/wp\/v2\/categories?post=40735"},{"taxonomy":"post_tag","embeddable":true,"href":"https:\/\/www.sincomam.org.br\/index.php\/wp-json\/wp\/v2\/tags?post=40735"}],"curies":[{"name":"wp","href":"https:\/\/api.w.org\/{rel}","templated":true}]}}