{"id":40707,"date":"2022-08-04T10:10:04","date_gmt":"2022-08-04T13:10:04","guid":{"rendered":"http:\/\/www.sincomam.org.br\/?p=40707"},"modified":"2022-08-04T10:10:04","modified_gmt":"2022-08-04T13:10:04","slug":"pesquisadores-e-militares-da-marinha-retornam-a-ilha-martin-vaz","status":"publish","type":"post","link":"https:\/\/www.sincomam.org.br\/index.php\/pesquisadores-e-militares-da-marinha-retornam-a-ilha-martin-vaz\/","title":{"rendered":"Pesquisadores e militares da Marinha retornam \u00e0 Ilha Martin Vaz"},"content":{"rendered":"<p>No m\u00eas de julho, pesquisadores e militares da Marinha do Brasil retornaram \u00e0 Ilha Martin Vaz onde deram continuidade \u00e0s pesquisas cient\u00edficas, iniciadas no m\u00eas de mar\u00e7o deste ano, com a troca das baterias e cart\u00f5es de mem\u00f3ria das armadilhas fotogr\u00e1ficas, complemento das malhas de pontos geol\u00f3gicos n\u00e3o cobertos, coleta de amostras de caranguejos e troca do pavilh\u00e3o nacional com a realiza\u00e7\u00e3o de um cerimonial.<\/p>\n<p>Na Ilha da Trindade, um casal de fragatas-de-trindade, end\u00eamicas da ilha, foi observado em voo pela primeira vez desde que entraram para a lista de esp\u00e9cies amea\u00e7adas de extin\u00e7\u00e3o. O plantio de mudas de pau-brasil no entorno da Esta\u00e7\u00e3o Cient\u00edfica marcou a comemora\u00e7\u00e3o dos 200 anos da Independ\u00eancia do Brasil no extremo leste do Pa\u00eds.<\/p>\n<p>Com o apoio do Navio Hidroceanogr\u00e1fico Faroleiro \u201cAlmirante Gra\u00e7a Aranha\u201d e de uma aeronave do 1\u00ba Esquadr\u00e3o de Emprego Geral (EsqdHU-1), a Secretaria da Comiss\u00e3o Interministerial para os Recursos do Mar (SECIRM), coordenou as atividades de pesquisa cient\u00edfica na Ilha da Trindade e ilhas Martin Vaz, que est\u00e3o sob jurisdi\u00e7\u00e3o do Comando do 1\u00ba Distrito Naval, respons\u00e1vel pelo Posto Oceanogr\u00e1fico da Ilha da Trindade (POIT), refor\u00e7ando a soberania do Brasil no extremo leste e a explora\u00e7\u00e3o sustent\u00e1vel dos recursos da Amaz\u00f4nia Azul.<\/p>\n<p>Fonte: Defesa em Foco<\/p>\n","protected":false},"excerpt":{"rendered":"<p>No m\u00eas de julho, pesquisadores e militares da Marinha do Brasil retornaram \u00e0 Ilha Martin Vaz onde deram continuidade \u00e0s pesquisas cient\u00edficas, iniciadas no m\u00eas&#8230;<\/p>\n","protected":false},"author":1527,"featured_media":40708,"comment_status":"closed","ping_status":"closed","sticky":false,"template":"","format":"standard","meta":{"footnotes":""},"categories":[6],"tags":[],"class_list":["post-40707","post","type-post","status-publish","format-standard","has-post-thumbnail","hentry","category-noticias"],"_links":{"self":[{"href":"https:\/\/www.sincomam.org.br\/index.php\/wp-json\/wp\/v2\/posts\/40707","targetHints":{"allow":["GET"]}}],"collection":[{"href":"https:\/\/www.sincomam.org.br\/index.php\/wp-json\/wp\/v2\/posts"}],"about":[{"href":"https:\/\/www.sincomam.org.br\/index.php\/wp-json\/wp\/v2\/types\/post"}],"author":[{"embeddable":true,"href":"https:\/\/www.sincomam.org.br\/index.php\/wp-json\/wp\/v2\/users\/1527"}],"replies":[{"embeddable":true,"href":"https:\/\/www.sincomam.org.br\/index.php\/wp-json\/wp\/v2\/comments?post=40707"}],"version-history":[{"count":1,"href":"https:\/\/www.sincomam.org.br\/index.php\/wp-json\/wp\/v2\/posts\/40707\/revisions"}],"predecessor-version":[{"id":40709,"href":"https:\/\/www.sincomam.org.br\/index.php\/wp-json\/wp\/v2\/posts\/40707\/revisions\/40709"}],"wp:featuredmedia":[{"embeddable":true,"href":"https:\/\/www.sincomam.org.br\/index.php\/wp-json\/wp\/v2\/media\/40708"}],"wp:attachment":[{"href":"https:\/\/www.sincomam.org.br\/index.php\/wp-json\/wp\/v2\/media?parent=40707"}],"wp:term":[{"taxonomy":"category","embeddable":true,"href":"https:\/\/www.sincomam.org.br\/index.php\/wp-json\/wp\/v2\/categories?post=40707"},{"taxonomy":"post_tag","embeddable":true,"href":"https:\/\/www.sincomam.org.br\/index.php\/wp-json\/wp\/v2\/tags?post=40707"}],"curies":[{"name":"wp","href":"https:\/\/api.w.org\/{rel}","templated":true}]}}