{"id":40704,"date":"2022-08-04T10:08:19","date_gmt":"2022-08-04T13:08:19","guid":{"rendered":"http:\/\/www.sincomam.org.br\/?p=40704"},"modified":"2022-08-04T10:08:19","modified_gmt":"2022-08-04T13:08:19","slug":"marinha-do-brasil-recebe-delegacao-estrangeira-em-brasilia-df","status":"publish","type":"post","link":"https:\/\/www.sincomam.org.br\/index.php\/marinha-do-brasil-recebe-delegacao-estrangeira-em-brasilia-df\/","title":{"rendered":"Marinha do Brasil recebe Delega\u00e7\u00e3o estrangeira em Bras\u00edlia (DF)"},"content":{"rendered":"<p>Em Bras\u00edlia, aproveitando um intervalo na programa\u00e7\u00e3o da XV Confer\u00eancia de Ministros de Defesa das Am\u00e9ricas, uma delega\u00e7\u00e3o de representantes de Ant\u00edgua e Barbuda, das Bahamas, da Guiana e de Trinidad e Tobago aproveitou para conhecer o Programa For\u00e7as no Esporte (Profesp), no dia 27 de julho, no Grupamento de Fuzileiros Navais de Bras\u00edlia (GptFNB).<\/p>\n<p>As autoridades assistiram \u00e0 palestra ministrada pelo Coordenador-Geral do Profesp e do Projeto \u201cJo\u00e3o do Pulo\u201d do Minist\u00e9rio da Defesa (MD), na qual foram apresentados os objetivos e resultados da a\u00e7\u00e3o, que, em 19 anos, beneficiou quase 30 mil jovens em situa\u00e7\u00e3o de vulnerabilidade social, em 125 cidades.<\/p>\n<p>Em seguida, as autoridades foram convidadas a assistir \u00e0 apresenta\u00e7\u00e3o do coral, a uma demonstra\u00e7\u00e3o de jud\u00f4 e \u00e0 pr\u00e1tica de vela e canoagem, todas atividades desenvolvidas pelo GptFNB, um dos N\u00facleos do Profesp, que desde 2003 atende cerca de 400 crian\u00e7as e adolescentes da Vila Planalto, do Varj\u00e3o, do Parano\u00e1 e da Estrutural (DF).<\/p>\n<p>Participaram da visita o Diretor do Departamento de Desporto Militar do Minist\u00e9rio da Defesa, Vice-Almirante (FN) Roberto Rossatto; o Comandante do 7\u00ba Distrito Naval, Vice-Almirante Gilberto Santos Kerr; e o Diretor do Departamento de Projetos Sociais do MD, General de Divis\u00e3o William Georges Felippe Abrah\u00e3o.<\/p>\n<p>Fonte: Defesa em Foco<\/p>\n","protected":false},"excerpt":{"rendered":"<p>Em Bras\u00edlia, aproveitando um intervalo na programa\u00e7\u00e3o da XV Confer\u00eancia de Ministros de Defesa das Am\u00e9ricas, uma delega\u00e7\u00e3o de representantes de Ant\u00edgua e Barbuda, das&#8230;<\/p>\n","protected":false},"author":1527,"featured_media":40705,"comment_status":"closed","ping_status":"closed","sticky":false,"template":"","format":"standard","meta":{"footnotes":""},"categories":[6],"tags":[],"class_list":["post-40704","post","type-post","status-publish","format-standard","has-post-thumbnail","hentry","category-noticias"],"_links":{"self":[{"href":"https:\/\/www.sincomam.org.br\/index.php\/wp-json\/wp\/v2\/posts\/40704","targetHints":{"allow":["GET"]}}],"collection":[{"href":"https:\/\/www.sincomam.org.br\/index.php\/wp-json\/wp\/v2\/posts"}],"about":[{"href":"https:\/\/www.sincomam.org.br\/index.php\/wp-json\/wp\/v2\/types\/post"}],"author":[{"embeddable":true,"href":"https:\/\/www.sincomam.org.br\/index.php\/wp-json\/wp\/v2\/users\/1527"}],"replies":[{"embeddable":true,"href":"https:\/\/www.sincomam.org.br\/index.php\/wp-json\/wp\/v2\/comments?post=40704"}],"version-history":[{"count":1,"href":"https:\/\/www.sincomam.org.br\/index.php\/wp-json\/wp\/v2\/posts\/40704\/revisions"}],"predecessor-version":[{"id":40706,"href":"https:\/\/www.sincomam.org.br\/index.php\/wp-json\/wp\/v2\/posts\/40704\/revisions\/40706"}],"wp:featuredmedia":[{"embeddable":true,"href":"https:\/\/www.sincomam.org.br\/index.php\/wp-json\/wp\/v2\/media\/40705"}],"wp:attachment":[{"href":"https:\/\/www.sincomam.org.br\/index.php\/wp-json\/wp\/v2\/media?parent=40704"}],"wp:term":[{"taxonomy":"category","embeddable":true,"href":"https:\/\/www.sincomam.org.br\/index.php\/wp-json\/wp\/v2\/categories?post=40704"},{"taxonomy":"post_tag","embeddable":true,"href":"https:\/\/www.sincomam.org.br\/index.php\/wp-json\/wp\/v2\/tags?post=40704"}],"curies":[{"name":"wp","href":"https:\/\/api.w.org\/{rel}","templated":true}]}}