{"id":4068,"date":"2014-03-10T09:04:35","date_gmt":"2014-03-10T12:04:35","guid":{"rendered":"http:\/\/www.sincomam.org.br\/?p=4068"},"modified":"2014-03-10T17:43:23","modified_gmt":"2014-03-10T20:43:23","slug":"vacinacao-contra-o-hpv-comeca-hoje-em-todo-o-pais","status":"publish","type":"post","link":"https:\/\/www.sincomam.org.br\/index.php\/vacinacao-contra-o-hpv-comeca-hoje-em-todo-o-pais\/","title":{"rendered":"Vacina\u00e7\u00e3o contra o HPV come\u00e7a hoje em todo o pa\u00eds"},"content":{"rendered":"<p>Meninas de 11 a 13 anos come\u00e7am a ser imunizadas hoje (10) contra o papiloma v\u00edrus humano (HPV), principal causador do c\u00e2ncer de colo de \u00fatero. A orienta\u00e7\u00e3o do Minist\u00e9rio da Sa\u00fade \u00e9 que a primeira dose seja oferecida nas escolas (p\u00fablicas e particulares), mas a vacina\u00e7\u00e3o tamb\u00e9m poder\u00e1 ser feita em postos de sa\u00fade de todo o pa\u00eds.<\/p>\n<p>A meta do governo \u00e9 vacinar 80% do p\u00fablico-alvo, formado por 5,2 milh\u00f5es de meninas. A vacina distribu\u00edda na rede p\u00fablica previne contra quatro subtipos do HPV (6, 11, 16 e 18). Os subtipos 16 e 18 s\u00e3o respons\u00e1veis por cerca de 70% dos casos de c\u00e2ncer de colo do \u00fatero em todo o mundo.<\/p>\n<p>Para se imunizar \u00e9 preciso apresentar o cart\u00e3o de vacina\u00e7\u00e3o ou um documento de identifica\u00e7\u00e3o. Cada adolescente dever\u00e1 tomar tr\u00eas doses para completar o esquema de prote\u00e7\u00e3o, sendo a segunda aplicada depois de seis meses, e a \u00faltima, cinco anos ap\u00f3s a primeira.<\/p>\n<p>Em 2015, a vacina contra o HPV ser\u00e1 oferecida para meninas de 9 a 11 anos e, em 2016, para as de 9 anos.<\/p>\n<p>O c\u00e2ncer de colo de \u00fatero tem a terceira maior taxa de incid\u00eancia entre os c\u00e2nceres que atingem as mulheres, atr\u00e1s apenas do c\u00e2ncer de mama e do c\u00e2ncer de c\u00f3lon e reto.<\/p>\n<p>Fonte: EBC<\/p>\n<p><b>\u00a0<\/b><\/p>\n","protected":false},"excerpt":{"rendered":"<p>Meninas de 11 a 13 anos come\u00e7am a ser imunizadas hoje (10) contra o papiloma v\u00edrus humano (HPV), principal causador do c\u00e2ncer de colo de&#8230;<\/p>\n","protected":false},"author":1182,"featured_media":4069,"comment_status":"closed","ping_status":"closed","sticky":false,"template":"","format":"standard","meta":{"footnotes":""},"categories":[6],"tags":[61,675,676,674],"class_list":["post-4068","post","type-post","status-publish","format-standard","has-post-thumbnail","hentry","category-noticias","tag-brasil","tag-hpv","tag-meninas","tag-vacina"],"_links":{"self":[{"href":"https:\/\/www.sincomam.org.br\/index.php\/wp-json\/wp\/v2\/posts\/4068","targetHints":{"allow":["GET"]}}],"collection":[{"href":"https:\/\/www.sincomam.org.br\/index.php\/wp-json\/wp\/v2\/posts"}],"about":[{"href":"https:\/\/www.sincomam.org.br\/index.php\/wp-json\/wp\/v2\/types\/post"}],"author":[{"embeddable":true,"href":"https:\/\/www.sincomam.org.br\/index.php\/wp-json\/wp\/v2\/users\/1182"}],"replies":[{"embeddable":true,"href":"https:\/\/www.sincomam.org.br\/index.php\/wp-json\/wp\/v2\/comments?post=4068"}],"version-history":[{"count":1,"href":"https:\/\/www.sincomam.org.br\/index.php\/wp-json\/wp\/v2\/posts\/4068\/revisions"}],"predecessor-version":[{"id":4070,"href":"https:\/\/www.sincomam.org.br\/index.php\/wp-json\/wp\/v2\/posts\/4068\/revisions\/4070"}],"wp:featuredmedia":[{"embeddable":true,"href":"https:\/\/www.sincomam.org.br\/index.php\/wp-json\/wp\/v2\/media\/4069"}],"wp:attachment":[{"href":"https:\/\/www.sincomam.org.br\/index.php\/wp-json\/wp\/v2\/media?parent=4068"}],"wp:term":[{"taxonomy":"category","embeddable":true,"href":"https:\/\/www.sincomam.org.br\/index.php\/wp-json\/wp\/v2\/categories?post=4068"},{"taxonomy":"post_tag","embeddable":true,"href":"https:\/\/www.sincomam.org.br\/index.php\/wp-json\/wp\/v2\/tags?post=4068"}],"curies":[{"name":"wp","href":"https:\/\/api.w.org\/{rel}","templated":true}]}}