{"id":40670,"date":"2022-08-02T10:31:43","date_gmt":"2022-08-02T13:31:43","guid":{"rendered":"http:\/\/www.sincomam.org.br\/?p=40670"},"modified":"2022-08-02T10:31:43","modified_gmt":"2022-08-02T13:31:43","slug":"cidade-do-rio-de-janeiro-tem-28-mil-vacinas-que-vencem-amanha","status":"publish","type":"post","link":"https:\/\/www.sincomam.org.br\/index.php\/cidade-do-rio-de-janeiro-tem-28-mil-vacinas-que-vencem-amanha\/","title":{"rendered":"Cidade do Rio de Janeiro tem 28 mil vacinas que vencem amanh\u00e3"},"content":{"rendered":"<p>A Secretaria Municipal de Sa\u00fade do Rio de Janeiro (SMS) tem 28 mil doses da vacina AstraZeneca contra a covid-19 que s\u00f3 podem ser usadas at\u00e9 amanh\u00e3 (2), por ser o \u00faltimo dia em que estar\u00e3o dentro do prazo de validade. E na cidade, h\u00e1 mais de 3 milh\u00f5es de pessoas que podem receber as doses por n\u00e3o terem completado seus esquemas vacinais contra o SARS-CoV-2.<img decoding=\"async\" src=\"https:\/\/agenciabrasil.ebc.com.br\/ebc.png?id=1473880&amp;o=node\" \/><img decoding=\"async\" src=\"https:\/\/agenciabrasil.ebc.com.br\/ebc.gif?id=1473880&amp;o=node\" \/><\/p>\n<p>A vacina AstraZeneca pode ser aplicada apenas em adultos, com idade a partir de 18 anos, e pode fazer parte tanto do esquema b\u00e1sico de vacina\u00e7\u00e3o &#8211; primeira e segunda dose &#8211; quanto dos refor\u00e7os.<\/p>\n<p>No munic\u00edpio do Rio de Janeiro, todos os maiores de 18 anos j\u00e1 podem receber as duas doses de refor\u00e7o, respeitando os intervalos de ao menos quatro meses entre as doses. Apesar disso, a maior parte dos jovens adultos n\u00e3o recebeu todas as doses de refor\u00e7o indicadas para suas faixas et\u00e1rias e poderiam ser imunizados com essas vacinas que correm o risco de serem descartadas.<\/p>\n<p>Mais de 523 mil pessoas entre 30 e 39 anos de idade receberam apenas a primeira dose de refor\u00e7o, e 385 mil pessoas tomaram apenas o esquema b\u00e1sico, de duas doses ou dose \u00fanica. Esse contingente chega perto de 1 milh\u00e3o, se somada \u00e0s 83 mil pessoas de 30 a 39 anos que s\u00f3 se vacinaram com a primeira dose.<\/p>\n<p>Tamb\u00e9m poderiam receber essas doses mais de 1 milh\u00e3o de jovens de 20 a 29 anos de idade, quase 800 mil pessoas de 40 a 49 anos, e mais de 500 mil com 50 a 59 anos. Essas pessoas tomaram apenas uma dose de refor\u00e7o, n\u00e3o tomaram nenhuma ou ainda est\u00e3o com apenas a primeira dose registrada nos cart\u00f5es de vacina\u00e7\u00e3o.<\/p>\n<p>O prazo desses e outros lotes da vacina contra a covid-19 produzidos pela Funda\u00e7\u00e3o Oswaldo Cruz (Fiocruz) era inicialmente de 6 meses, mas foi ampliado pelo Minist\u00e9rio da Sa\u00fade para 9 meses. Com a mudan\u00e7a, as vacinas, que venceriam em maio, poder\u00e3o ser usadas at\u00e9 amanh\u00e3.<\/p>\n<p>Na semana passada, o Rio de Janeiro ampliou para toda a popula\u00e7\u00e3o adulta a possibilidade de tomar duas doses de refor\u00e7o. Quando a decis\u00e3o foi tomada, o n\u00famero de vacinas que vence amanh\u00e3 (2) era de 70 mil, o que mostra que mais de 40 mil pessoas receberam esse imunizante na quinta-feira (28), sexta-feira (29) e s\u00e1bado (30).<\/p>\n<p>Segundo a Secretaria Municipal de Sa\u00fade, caso sobrem doses fora do prazo de validade, h\u00e1 protocolos r\u00edgidos para coleta das vacinas nos postos e descarte da forma adequada, seguindo as normas da Vigil\u00e2ncia Sanit\u00e1ria e do Minist\u00e9rio da Sa\u00fade, o que evita qualquer possibilidade de uso equivocado fora da validade.<\/p>\n<p>Fonte: Ag\u00eancia Brasil<\/p>\n","protected":false},"excerpt":{"rendered":"<p>A Secretaria Municipal de Sa\u00fade do Rio de Janeiro (SMS) tem 28 mil doses da vacina AstraZeneca contra a covid-19 que s\u00f3 podem ser usadas&#8230;<\/p>\n","protected":false},"author":1527,"featured_media":40671,"comment_status":"closed","ping_status":"closed","sticky":false,"template":"","format":"standard","meta":{"footnotes":""},"categories":[6],"tags":[],"class_list":["post-40670","post","type-post","status-publish","format-standard","has-post-thumbnail","hentry","category-noticias"],"_links":{"self":[{"href":"https:\/\/www.sincomam.org.br\/index.php\/wp-json\/wp\/v2\/posts\/40670","targetHints":{"allow":["GET"]}}],"collection":[{"href":"https:\/\/www.sincomam.org.br\/index.php\/wp-json\/wp\/v2\/posts"}],"about":[{"href":"https:\/\/www.sincomam.org.br\/index.php\/wp-json\/wp\/v2\/types\/post"}],"author":[{"embeddable":true,"href":"https:\/\/www.sincomam.org.br\/index.php\/wp-json\/wp\/v2\/users\/1527"}],"replies":[{"embeddable":true,"href":"https:\/\/www.sincomam.org.br\/index.php\/wp-json\/wp\/v2\/comments?post=40670"}],"version-history":[{"count":1,"href":"https:\/\/www.sincomam.org.br\/index.php\/wp-json\/wp\/v2\/posts\/40670\/revisions"}],"predecessor-version":[{"id":40672,"href":"https:\/\/www.sincomam.org.br\/index.php\/wp-json\/wp\/v2\/posts\/40670\/revisions\/40672"}],"wp:featuredmedia":[{"embeddable":true,"href":"https:\/\/www.sincomam.org.br\/index.php\/wp-json\/wp\/v2\/media\/40671"}],"wp:attachment":[{"href":"https:\/\/www.sincomam.org.br\/index.php\/wp-json\/wp\/v2\/media?parent=40670"}],"wp:term":[{"taxonomy":"category","embeddable":true,"href":"https:\/\/www.sincomam.org.br\/index.php\/wp-json\/wp\/v2\/categories?post=40670"},{"taxonomy":"post_tag","embeddable":true,"href":"https:\/\/www.sincomam.org.br\/index.php\/wp-json\/wp\/v2\/tags?post=40670"}],"curies":[{"name":"wp","href":"https:\/\/api.w.org\/{rel}","templated":true}]}}