{"id":40666,"date":"2022-08-02T10:30:35","date_gmt":"2022-08-02T13:30:35","guid":{"rendered":"http:\/\/www.sincomam.org.br\/?p=40666"},"modified":"2022-08-02T10:30:35","modified_gmt":"2022-08-02T13:30:35","slug":"recenseadores-fazem-as-primeiras-entrevistas-para-o-censo-2022","status":"publish","type":"post","link":"https:\/\/www.sincomam.org.br\/index.php\/recenseadores-fazem-as-primeiras-entrevistas-para-o-censo-2022\/","title":{"rendered":"Recenseadores fazem as primeiras entrevistas para o Censo 2022"},"content":{"rendered":"<p>A dona de casa Esm\u00e9ria Jane do Valle, 59 anos, moradora de um apartamento no Centro do Rio de Janeiro, recebeu na manh\u00e3 de hoje (1\u00ba), o recenseador Patrick Emanuel Miranda de Souza, 28 anos, no primeiro dia de coleta de dados para o Censo Demogr\u00e1fico 2022, realizado pelo Instituto Brasileiro de Geografia e Estat\u00edstica (IBGE).<img decoding=\"async\" src=\"https:\/\/agenciabrasil.ebc.com.br\/ebc.png?id=1473883&amp;o=node\" \/><img decoding=\"async\" src=\"https:\/\/agenciabrasil.ebc.com.br\/ebc.gif?id=1473883&amp;o=node\" \/><\/p>\n<p>Ela foi uma das primeiras brasileiras a responder ao levantamento, que deve\u00a0realizar 89 milh\u00f5es de entrevistas, nos pr\u00f3ximos meses, nos mais de 5,5 munic\u00edpios do pa\u00eds.<\/p>\n<p>Esm\u00e9ria contou que j\u00e1 respondeu a um censo anteriormente, mas que, desde ent\u00e3o, muita coisa mudou em sua vida. Na \u00e9poca, os tr\u00eas filhos eram pequenos, e a fam\u00edlia morava em uma casa maior, em Santa Teresa, bairro vizinho ao atual.<\/p>\n<p>Hoje, Esm\u00e9ria j\u00e1 \u00e9 av\u00f3 de uma menina que mora em um apartamento no mesmo pr\u00e9dio do Centro. Ela conta que j\u00e1 desempenhou atividades de Seguran\u00e7a e de Cozinha, mas que, com a sa\u00fade debilitada, atualmente cuida da casa e recebe ajuda financeira dos filhos.<\/p>\n<p>Ao chegar, o recenseador Patrick se identificou, mostrou o crach\u00e1 no colete que vestia com a sua identifica\u00e7\u00e3o e n\u00e3o encontrou resist\u00eancia. A entrevista foi r\u00e1pida e dona Esm\u00e9ria, que mora com um primo, respondeu quest\u00f5es como o tipo do domic\u00edlio, renda, n\u00famero de moradores no im\u00f3vel e ocupa\u00e7\u00e3o.<\/p>\n<p>A dona de casa ficou satisfeita em abrir a sua casa para o censo, que considera muito importante para o pa\u00eds e incentivou a participa\u00e7\u00e3o da popula\u00e7\u00e3o:\u00a0\u201cfoi tudo \u00f3timo. Tudo maravilhoso. Espero que todo mundo coopere direitinho para a popula\u00e7\u00e3o ficar ciente das coisas que est\u00e3o acontecendo, quantas pessoas t\u00eam\u201d.<\/p>\n<p>Patrick disse que estava desempregado antes de ser contratado pelo IBGE e que a aprova\u00e7\u00e3o no concurso de recenseador foi uma alternativa de renda. Para al\u00e9m disso, o jovem considera fundamental a pesquisa que vai retratar a popula\u00e7\u00e3o do Brasil.<\/p>\n<p>\u201cAcho muito importante participar. A gente est\u00e1 botando em pr\u00e1tica o nosso treinamento, mas a expectativa \u00e9 boa. As pessoas est\u00e3o recebendo a gente bem\u201d, disse. Patrick, que tamb\u00e9m mora na regi\u00e3o, vai fazer entrevistas no Centro e no bairro do Catete, com a previs\u00e3o de visitar 300 munic\u00edpios nas tr\u00eas pr\u00f3ximas semanas.<\/p>\n<p>Em S\u00e3o Paulo, o recenseador M\u00e1rcio Brites Ara\u00fajo tamb\u00e9m foi \u00e0s ruas na manh\u00e3 desta segunda-feira, para dar in\u00edcio \u00e0 coleta de dados. Ele conta que, at\u00e9 o momento, vem sendo bem recebido pelos entrevistados, em geral: &#8220;Eu acreditava que haveria mais resist\u00eancia do que estou tendo na pr\u00e1tica&#8221;.<\/p>\n<p>Ele relata, no entanto, que \u00e9 comum o morador a ser entrevistados n\u00e3o estar em casa. &#8220;A dificuldade maior \u00e9 a de encontrar as pessoas em casa, porque muitos est\u00e3o trabalhando no hor\u00e1rio comercial. Eu me sinto parte fundamental para essa coleta e esse trabalho&#8221;.<\/p>\n<p>Fonte: Ag\u00eancia Brasil<\/p>\n","protected":false},"excerpt":{"rendered":"<p>A dona de casa Esm\u00e9ria Jane do Valle, 59 anos, moradora de um apartamento no Centro do Rio de Janeiro, recebeu na manh\u00e3 de hoje&#8230;<\/p>\n","protected":false},"author":1527,"featured_media":40667,"comment_status":"closed","ping_status":"closed","sticky":false,"template":"","format":"standard","meta":{"footnotes":""},"categories":[6],"tags":[],"class_list":["post-40666","post","type-post","status-publish","format-standard","has-post-thumbnail","hentry","category-noticias"],"_links":{"self":[{"href":"https:\/\/www.sincomam.org.br\/index.php\/wp-json\/wp\/v2\/posts\/40666","targetHints":{"allow":["GET"]}}],"collection":[{"href":"https:\/\/www.sincomam.org.br\/index.php\/wp-json\/wp\/v2\/posts"}],"about":[{"href":"https:\/\/www.sincomam.org.br\/index.php\/wp-json\/wp\/v2\/types\/post"}],"author":[{"embeddable":true,"href":"https:\/\/www.sincomam.org.br\/index.php\/wp-json\/wp\/v2\/users\/1527"}],"replies":[{"embeddable":true,"href":"https:\/\/www.sincomam.org.br\/index.php\/wp-json\/wp\/v2\/comments?post=40666"}],"version-history":[{"count":2,"href":"https:\/\/www.sincomam.org.br\/index.php\/wp-json\/wp\/v2\/posts\/40666\/revisions"}],"predecessor-version":[{"id":40669,"href":"https:\/\/www.sincomam.org.br\/index.php\/wp-json\/wp\/v2\/posts\/40666\/revisions\/40669"}],"wp:featuredmedia":[{"embeddable":true,"href":"https:\/\/www.sincomam.org.br\/index.php\/wp-json\/wp\/v2\/media\/40667"}],"wp:attachment":[{"href":"https:\/\/www.sincomam.org.br\/index.php\/wp-json\/wp\/v2\/media?parent=40666"}],"wp:term":[{"taxonomy":"category","embeddable":true,"href":"https:\/\/www.sincomam.org.br\/index.php\/wp-json\/wp\/v2\/categories?post=40666"},{"taxonomy":"post_tag","embeddable":true,"href":"https:\/\/www.sincomam.org.br\/index.php\/wp-json\/wp\/v2\/tags?post=40666"}],"curies":[{"name":"wp","href":"https:\/\/api.w.org\/{rel}","templated":true}]}}