{"id":40643,"date":"2022-08-01T09:29:55","date_gmt":"2022-08-01T12:29:55","guid":{"rendered":"http:\/\/www.sincomam.org.br\/?p=40643"},"modified":"2022-08-01T09:29:55","modified_gmt":"2022-08-01T12:29:55","slug":"comando-do-4o-distrito-naval-promove-palestras-sobre-contexto-geopolitico-atual","status":"publish","type":"post","link":"https:\/\/www.sincomam.org.br\/index.php\/comando-do-4o-distrito-naval-promove-palestras-sobre-contexto-geopolitico-atual\/","title":{"rendered":"Comando do 4\u00ba Distrito Naval promove palestras sobre contexto geopol\u00edtico atual"},"content":{"rendered":"<p>Nos dias 25 e 26 de julho, o Comando do 4\u00ba Distrito Naval realizou, no Centro de Instru\u00e7\u00e3o Almirante Braz de Aguiar (CIABA), em Bel\u00e9m (PA), palestras sobre o contexto geopol\u00edtico atual para Oficiais da Marinha do Brasil, do Ex\u00e9rcito, da For\u00e7a A\u00e9rea, al\u00e9m de membros da Sociedade Amigos da Marinha, da comunidade mar\u00edtima e da Universidade Federal do Par\u00e1.<\/p>\n<p>O evento foi presidido pelo Vice-Almirante Edgar Luiz Siqueira Barbosa e contou tamb\u00e9m com a participa\u00e7\u00e3o dos alunos da Escola de Forma\u00e7\u00e3o de Oficiais da Marinha Mercante. As palestras foram proferidas pelo Capit\u00e3o de Mar e Guerra Leonardo Faria de Mattos, Encarregado da Se\u00e7\u00e3o<br \/>\nde Geopol\u00edtica da Escola de Guerra Naval.<\/p>\n<p>A palestra, que atraiu a aten\u00e7\u00e3o de todos os presentes ao abordar assunto de relev\u00e2ncia internacional, foi realizada em dois dias. No primeiro dia, a palestra abordou o tema: \u201cConflito na Ucr\u00e2nia e a Geopol\u00edtica Internacional\u201d, com explica\u00e7\u00e3o hist\u00f3rica, pol\u00edtica e econ\u00f4mica das causas e origens do conflito entre R\u00fassia x Ucr\u00e2nia. No segundo dia, o assunto comentado foi a \u201cGeopol\u00edtica e Oceanopol\u00edtica \u2013Corrente Internacional. Em ambos os dias, os participantes realizaram perguntas, sanando d\u00favidas sobre o tema e tornando o evento atrativo e din\u00e2mico.<\/p>\n<p>Fonte: Defesa em Foco<\/p>\n","protected":false},"excerpt":{"rendered":"<p>Nos dias 25 e 26 de julho, o Comando do 4\u00ba Distrito Naval realizou, no Centro de Instru\u00e7\u00e3o Almirante Braz de Aguiar (CIABA), em Bel\u00e9m&#8230;<\/p>\n","protected":false},"author":1527,"featured_media":40644,"comment_status":"closed","ping_status":"closed","sticky":false,"template":"","format":"standard","meta":{"footnotes":""},"categories":[6],"tags":[],"class_list":["post-40643","post","type-post","status-publish","format-standard","has-post-thumbnail","hentry","category-noticias"],"_links":{"self":[{"href":"https:\/\/www.sincomam.org.br\/index.php\/wp-json\/wp\/v2\/posts\/40643","targetHints":{"allow":["GET"]}}],"collection":[{"href":"https:\/\/www.sincomam.org.br\/index.php\/wp-json\/wp\/v2\/posts"}],"about":[{"href":"https:\/\/www.sincomam.org.br\/index.php\/wp-json\/wp\/v2\/types\/post"}],"author":[{"embeddable":true,"href":"https:\/\/www.sincomam.org.br\/index.php\/wp-json\/wp\/v2\/users\/1527"}],"replies":[{"embeddable":true,"href":"https:\/\/www.sincomam.org.br\/index.php\/wp-json\/wp\/v2\/comments?post=40643"}],"version-history":[{"count":1,"href":"https:\/\/www.sincomam.org.br\/index.php\/wp-json\/wp\/v2\/posts\/40643\/revisions"}],"predecessor-version":[{"id":40645,"href":"https:\/\/www.sincomam.org.br\/index.php\/wp-json\/wp\/v2\/posts\/40643\/revisions\/40645"}],"wp:featuredmedia":[{"embeddable":true,"href":"https:\/\/www.sincomam.org.br\/index.php\/wp-json\/wp\/v2\/media\/40644"}],"wp:attachment":[{"href":"https:\/\/www.sincomam.org.br\/index.php\/wp-json\/wp\/v2\/media?parent=40643"}],"wp:term":[{"taxonomy":"category","embeddable":true,"href":"https:\/\/www.sincomam.org.br\/index.php\/wp-json\/wp\/v2\/categories?post=40643"},{"taxonomy":"post_tag","embeddable":true,"href":"https:\/\/www.sincomam.org.br\/index.php\/wp-json\/wp\/v2\/tags?post=40643"}],"curies":[{"name":"wp","href":"https:\/\/api.w.org\/{rel}","templated":true}]}}