{"id":40640,"date":"2022-08-01T09:28:19","date_gmt":"2022-08-01T12:28:19","guid":{"rendered":"http:\/\/www.sincomam.org.br\/?p=40640"},"modified":"2022-08-01T09:28:19","modified_gmt":"2022-08-01T12:28:19","slug":"ministro-diz-que-brasil-tera-antiviral-para-tratar-variola-dos-macacos","status":"publish","type":"post","link":"https:\/\/www.sincomam.org.br\/index.php\/ministro-diz-que-brasil-tera-antiviral-para-tratar-variola-dos-macacos\/","title":{"rendered":"Ministro diz que Brasil ter\u00e1 antiviral para tratar var\u00edola dos macacos"},"content":{"rendered":"<p>O ministro da Sa\u00fade, Marcelo Queiroga, anunciou nesta segunda-feira (1\u00ba) pelo Twitter, que o Brasil receber\u00e1, por interm\u00e9dio da Organiza\u00e7\u00e3o Pan-Americana da Sa\u00fade (Opas), o antiviral Tecovirimat para \u201crefor\u00e7ar o enfrentamento ao surto\u201d de var\u00edola dos macacos.<\/p>\n<p>\u201cSer\u00e3o contemplados casos mais graves em um primeiro momento\u201d, adiantou. O Tecovirimat tem sido oferecido como op\u00e7\u00e3o de \u201cuso compassivo\u201d nos Estados Unidos. Entretanto, ainda n\u00e3o h\u00e1 dados que demonstrem a efic\u00e1cia do antiviral para o tratamento da var\u00edola dos macacos.<\/p>\n<p>N\u00fameros<br \/>\nSegundo dados do Minist\u00e9rio da Sa\u00fade, at\u00e9 ontem (31), 1.342 casos de var\u00edola dos macacos foram registrados no pa\u00eds. Na \u00faltima sexta (29) a pasta confirmou a primeira morte pela doen\u00e7a no Brasil.<\/p>\n<p>A v\u00edtima era um homem, de 41 anos. Ele estava internado em Belo Horizonte (MG) e tinha comorbidades que podem ter prejudicado o quadro cl\u00ednico. O Minist\u00e9rio da Sa\u00fade investiga as circunst\u00e2ncias da morte.<\/p>\n<p>Sintomas<br \/>\nA var\u00edola dos macacos \u00e9 uma doen\u00e7a causada pela infec\u00e7\u00e3o com o v\u00edrus Monkeypox, que causa sintomas semelhantes aos da var\u00edola. Ela come\u00e7a com febre, dor de cabe\u00e7a, dores musculares, exaust\u00e3o e incha\u00e7o dos linfonodos.<\/p>\n<p>Uma erup\u00e7\u00e3o geralmente se desenvolve de um a tr\u00eas dias ap\u00f3s o in\u00edcio da febre, aparecendo pela primeira vez no rosto e se espalhando para outras partes do corpo, incluindo m\u00e3os e p\u00e9s.<\/p>\n<p>Em alguns casos, pode ser fatal, embora seja tipicamente mais suave do que a var\u00edola. A doen\u00e7a \u00e9 transmitida para pessoas por v\u00e1rios animais selvagens, como roedores e primatas, mas tamb\u00e9m pode ser transmitida entre pessoas ap\u00f3s contato direto ou indireto.<\/p>\n<p>Fonte: Ag\u00eancia Brasil<\/p>\n","protected":false},"excerpt":{"rendered":"<p>O ministro da Sa\u00fade, Marcelo Queiroga, anunciou nesta segunda-feira (1\u00ba) pelo Twitter, que o Brasil receber\u00e1, por interm\u00e9dio da Organiza\u00e7\u00e3o Pan-Americana da Sa\u00fade (Opas), o&#8230;<\/p>\n","protected":false},"author":1527,"featured_media":40641,"comment_status":"closed","ping_status":"closed","sticky":false,"template":"","format":"standard","meta":{"footnotes":""},"categories":[6],"tags":[],"class_list":["post-40640","post","type-post","status-publish","format-standard","has-post-thumbnail","hentry","category-noticias"],"_links":{"self":[{"href":"https:\/\/www.sincomam.org.br\/index.php\/wp-json\/wp\/v2\/posts\/40640","targetHints":{"allow":["GET"]}}],"collection":[{"href":"https:\/\/www.sincomam.org.br\/index.php\/wp-json\/wp\/v2\/posts"}],"about":[{"href":"https:\/\/www.sincomam.org.br\/index.php\/wp-json\/wp\/v2\/types\/post"}],"author":[{"embeddable":true,"href":"https:\/\/www.sincomam.org.br\/index.php\/wp-json\/wp\/v2\/users\/1527"}],"replies":[{"embeddable":true,"href":"https:\/\/www.sincomam.org.br\/index.php\/wp-json\/wp\/v2\/comments?post=40640"}],"version-history":[{"count":1,"href":"https:\/\/www.sincomam.org.br\/index.php\/wp-json\/wp\/v2\/posts\/40640\/revisions"}],"predecessor-version":[{"id":40642,"href":"https:\/\/www.sincomam.org.br\/index.php\/wp-json\/wp\/v2\/posts\/40640\/revisions\/40642"}],"wp:featuredmedia":[{"embeddable":true,"href":"https:\/\/www.sincomam.org.br\/index.php\/wp-json\/wp\/v2\/media\/40641"}],"wp:attachment":[{"href":"https:\/\/www.sincomam.org.br\/index.php\/wp-json\/wp\/v2\/media?parent=40640"}],"wp:term":[{"taxonomy":"category","embeddable":true,"href":"https:\/\/www.sincomam.org.br\/index.php\/wp-json\/wp\/v2\/categories?post=40640"},{"taxonomy":"post_tag","embeddable":true,"href":"https:\/\/www.sincomam.org.br\/index.php\/wp-json\/wp\/v2\/tags?post=40640"}],"curies":[{"name":"wp","href":"https:\/\/api.w.org\/{rel}","templated":true}]}}