{"id":40637,"date":"2022-08-01T09:24:27","date_gmt":"2022-08-01T12:24:27","guid":{"rendered":"http:\/\/www.sincomam.org.br\/?p=40637"},"modified":"2022-08-01T09:24:27","modified_gmt":"2022-08-01T12:24:27","slug":"marinha-do-brasil-marca-presenca-na-49a-semana-internacional-de-vela-de-ilhabela-sp","status":"publish","type":"post","link":"https:\/\/www.sincomam.org.br\/index.php\/marinha-do-brasil-marca-presenca-na-49a-semana-internacional-de-vela-de-ilhabela-sp\/","title":{"rendered":"Marinha do Brasil marca presen\u00e7a na 49\u00aa Semana Internacional de Vela de Ilhabela (SP)"},"content":{"rendered":"<p>A Marinha do Brasil (MB) participou da 49\u00aa Semana Internacional de Vela de Ilhabela, que ocorre no per\u00edodo entre 23 e 30 de julho. No mar, em terra e no ar, navios, exposi\u00e7\u00e3o e aeronave da MB atra\u00edram os olhares dos visitantes e atletas de um dos principais campeonatos de vela do mundo, que re\u00fane cerca de 120 veleiros, em seus mais diversos tamanhos, classes e bandeiras.<\/p>\n<p>O Navio-Patrulha Oce\u00e2nico \u201cAmazonas\u201d, fundeado nas proximidades da competi\u00e7\u00e3o, realizou o tiro de largada da Regata Alcatrazes por Boreste \u2013 Marinha do Brasil. Al\u00e9m dele, o Navio de Apoio Oce\u00e2nico \u201cPurus\u201d \u2013 subordinado ao Comando do Grupamento de Patrulha Naval do Sudeste, o Navio-Patrulha \u201cGuajar\u00e1\u201d, os Avisos de Patrulha \u201cBarracuda\u201d e \u201cEspadarte\u201d \u2013 subordinados ao Comando do Grupamento de Patrulha Naval do Sudeste, embarca\u00e7\u00f5es de Inspe\u00e7\u00e3o Naval da Delegacia da Capitania dos Portos em S\u00e3o Sebasti\u00e3o (DelSSebastiao) e uma aeronave UH-17 do 1\u00ba Esquadr\u00e3o de Helic\u00f3pteros de Emprego Geral apoiaram o evento.<\/p>\n<p>Para o evento, foi montado um estande da MB no qual ficaram expostas maquetes do submarino com propuls\u00e3o nuclear e do reator nuclear, ambos do Centro Tecnol\u00f3gico da Marinha em S\u00e3o Paulo, al\u00e9m dos principais materiais utilizados pelo Batalh\u00e3o de Defesa Nuclear, Biol\u00f3gica, Qu\u00edmica e Radiol\u00f3gica de Aramar (BtlDefNBQR-ARAMAR). A exposi\u00e7\u00e3o agu\u00e7ou a curiosidade de diversas crian\u00e7as, que se divertiram com explica\u00e7\u00f5es l\u00fadicas sobre as a\u00e7\u00f5es desenvolvidas pelo Batalh\u00e3o, e de adultos que esclareceram d\u00favidas sobre o Programa Nuclear da Marinha.<\/p>\n<p>Fonte: Defesa em Foco<\/p>\n","protected":false},"excerpt":{"rendered":"<p>A Marinha do Brasil (MB) participou da 49\u00aa Semana Internacional de Vela de Ilhabela, que ocorre no per\u00edodo entre 23 e 30 de julho. No&#8230;<\/p>\n","protected":false},"author":1527,"featured_media":40638,"comment_status":"closed","ping_status":"closed","sticky":false,"template":"","format":"standard","meta":{"footnotes":""},"categories":[6],"tags":[],"class_list":["post-40637","post","type-post","status-publish","format-standard","has-post-thumbnail","hentry","category-noticias"],"_links":{"self":[{"href":"https:\/\/www.sincomam.org.br\/index.php\/wp-json\/wp\/v2\/posts\/40637","targetHints":{"allow":["GET"]}}],"collection":[{"href":"https:\/\/www.sincomam.org.br\/index.php\/wp-json\/wp\/v2\/posts"}],"about":[{"href":"https:\/\/www.sincomam.org.br\/index.php\/wp-json\/wp\/v2\/types\/post"}],"author":[{"embeddable":true,"href":"https:\/\/www.sincomam.org.br\/index.php\/wp-json\/wp\/v2\/users\/1527"}],"replies":[{"embeddable":true,"href":"https:\/\/www.sincomam.org.br\/index.php\/wp-json\/wp\/v2\/comments?post=40637"}],"version-history":[{"count":1,"href":"https:\/\/www.sincomam.org.br\/index.php\/wp-json\/wp\/v2\/posts\/40637\/revisions"}],"predecessor-version":[{"id":40639,"href":"https:\/\/www.sincomam.org.br\/index.php\/wp-json\/wp\/v2\/posts\/40637\/revisions\/40639"}],"wp:featuredmedia":[{"embeddable":true,"href":"https:\/\/www.sincomam.org.br\/index.php\/wp-json\/wp\/v2\/media\/40638"}],"wp:attachment":[{"href":"https:\/\/www.sincomam.org.br\/index.php\/wp-json\/wp\/v2\/media?parent=40637"}],"wp:term":[{"taxonomy":"category","embeddable":true,"href":"https:\/\/www.sincomam.org.br\/index.php\/wp-json\/wp\/v2\/categories?post=40637"},{"taxonomy":"post_tag","embeddable":true,"href":"https:\/\/www.sincomam.org.br\/index.php\/wp-json\/wp\/v2\/tags?post=40637"}],"curies":[{"name":"wp","href":"https:\/\/api.w.org\/{rel}","templated":true}]}}