{"id":40619,"date":"2022-07-29T08:40:32","date_gmt":"2022-07-29T11:40:32","guid":{"rendered":"http:\/\/www.sincomam.org.br\/?p=40619"},"modified":"2022-07-29T08:40:32","modified_gmt":"2022-07-29T11:40:32","slug":"auxilio-doenca-podera-ser-concedido-sem-pericia-medica-se-tempo-de-espera-for-superior-a-30-dias","status":"publish","type":"post","link":"https:\/\/www.sincomam.org.br\/index.php\/auxilio-doenca-podera-ser-concedido-sem-pericia-medica-se-tempo-de-espera-for-superior-a-30-dias\/","title":{"rendered":"Aux\u00edlio-doen\u00e7a poder\u00e1 ser concedido sem per\u00edcia m\u00e9dica se tempo de espera for superior a 30 dias"},"content":{"rendered":"<p>A concess\u00e3o do aux\u00edlio-doen\u00e7a por incapacidade tempor\u00e1ria (antigo aux\u00edlio-doen\u00e7a) poder\u00e1 ter dispensa da per\u00edcia m\u00e9dica quando o tempo de espera para a realiza\u00e7\u00e3o do procedimento for superior a 30 dias, segundo portaria publicada pelo Minist\u00e9rio do Trabalho e Previd\u00eancia e pelo Instituto Nacional do Seguro Social (INSS) nesta sexta-feira (29) no &#8220;Di\u00e1rio Oficial da Uni\u00e3o&#8221;.<\/p>\n<p>A portaria \u00e9 a regulamenta\u00e7\u00e3o de uma medida provis\u00f3ria publicada em 20 de abril, que trazia mudan\u00e7as na an\u00e1lise e concess\u00e3o dos benef\u00edcios pelo INSS.<\/p>\n<p>A an\u00e1lise documental ser\u00e1 feita pela Per\u00edcia M\u00e9dica Federal a partir da apresenta\u00e7\u00e3o de atestado ou laudo m\u00e9dico, leg\u00edvel e sem rasuras, com as seguintes informa\u00e7\u00f5es:<br \/>\nnome completo;<br \/>\ndata de emiss\u00e3o do documento, que n\u00e3o poder\u00e1 ser superior a 30 dias da data de entrada do requerimento;<br \/>\ninforma\u00e7\u00f5es sobre a doen\u00e7a ou CID;<br \/>\nassinatura do profissional que emitiu o documento e carimbo de identifica\u00e7\u00e3o, com registro do Conselho de Classe;<br \/>\ndata de in\u00edcio do repouso e o prazo estimado necess\u00e1rio.<br \/>\nO benef\u00edcio concedido por an\u00e1lise documental s\u00f3 poder\u00e1 ter a dura\u00e7\u00e3o de no m\u00e1ximo 90 dias.<\/p>\n<p>Quando n\u00e3o for poss\u00edvel a concess\u00e3o do benef\u00edcio de aux\u00edlio por incapacidade tempor\u00e1ria por meio de an\u00e1lise documental, em raz\u00e3o do n\u00e3o atendimento dos requisitos, bem como quando ultrapassado o prazo m\u00e1ximo estabelecido para a dura\u00e7\u00e3o do benef\u00edcio, ser\u00e1 facultado ao requerente a op\u00e7\u00e3o de agendamento para se submeter a exame m\u00e9dico-pericial.<\/p>\n<p>N\u00e3o caber\u00e1 recurso da an\u00e1lise documental realizada pela Per\u00edcia M\u00e9dica Federal.<\/p>\n<p>O requerimento de novo benef\u00edcio por meio de an\u00e1lise documental ser\u00e1 poss\u00edvel apenas ap\u00f3s 30 dias da \u00faltima an\u00e1lise realizada.<\/p>\n<p>A emiss\u00e3o ou apresenta\u00e7\u00e3o de atestado falso ou com informa\u00e7\u00e3o falsa configura crime de falsidade documental. Isso significa que o trabalhador sofrer\u00e1 as san\u00e7\u00f5es penais e dever\u00e1 devolver os valores indevidamente recebidos.<\/p>\n<p>O requerente que tinha exame m\u00e9dico-pericial agendado poder\u00e1 optar pelo procedimento de an\u00e1lise documental.<\/p>\n<p>A portaria s\u00f3 ter\u00e1 vig\u00eancia por 30 dias, prorrog\u00e1veis por ato conjunto do Minist\u00e9rio do Trabalho e Previd\u00eancia e do INSS.<\/p>\n<p>Fonte: G1<\/p>\n","protected":false},"excerpt":{"rendered":"<p>A concess\u00e3o do aux\u00edlio-doen\u00e7a por incapacidade tempor\u00e1ria (antigo aux\u00edlio-doen\u00e7a) poder\u00e1 ter dispensa da per\u00edcia m\u00e9dica quando o tempo de espera para a realiza\u00e7\u00e3o do procedimento&#8230;<\/p>\n","protected":false},"author":1527,"featured_media":40620,"comment_status":"closed","ping_status":"closed","sticky":false,"template":"","format":"standard","meta":{"footnotes":""},"categories":[6],"tags":[],"class_list":["post-40619","post","type-post","status-publish","format-standard","has-post-thumbnail","hentry","category-noticias"],"_links":{"self":[{"href":"https:\/\/www.sincomam.org.br\/index.php\/wp-json\/wp\/v2\/posts\/40619","targetHints":{"allow":["GET"]}}],"collection":[{"href":"https:\/\/www.sincomam.org.br\/index.php\/wp-json\/wp\/v2\/posts"}],"about":[{"href":"https:\/\/www.sincomam.org.br\/index.php\/wp-json\/wp\/v2\/types\/post"}],"author":[{"embeddable":true,"href":"https:\/\/www.sincomam.org.br\/index.php\/wp-json\/wp\/v2\/users\/1527"}],"replies":[{"embeddable":true,"href":"https:\/\/www.sincomam.org.br\/index.php\/wp-json\/wp\/v2\/comments?post=40619"}],"version-history":[{"count":1,"href":"https:\/\/www.sincomam.org.br\/index.php\/wp-json\/wp\/v2\/posts\/40619\/revisions"}],"predecessor-version":[{"id":40621,"href":"https:\/\/www.sincomam.org.br\/index.php\/wp-json\/wp\/v2\/posts\/40619\/revisions\/40621"}],"wp:featuredmedia":[{"embeddable":true,"href":"https:\/\/www.sincomam.org.br\/index.php\/wp-json\/wp\/v2\/media\/40620"}],"wp:attachment":[{"href":"https:\/\/www.sincomam.org.br\/index.php\/wp-json\/wp\/v2\/media?parent=40619"}],"wp:term":[{"taxonomy":"category","embeddable":true,"href":"https:\/\/www.sincomam.org.br\/index.php\/wp-json\/wp\/v2\/categories?post=40619"},{"taxonomy":"post_tag","embeddable":true,"href":"https:\/\/www.sincomam.org.br\/index.php\/wp-json\/wp\/v2\/tags?post=40619"}],"curies":[{"name":"wp","href":"https:\/\/api.w.org\/{rel}","templated":true}]}}