{"id":40615,"date":"2022-07-29T08:37:30","date_gmt":"2022-07-29T11:37:30","guid":{"rendered":"http:\/\/www.sincomam.org.br\/?p=40615"},"modified":"2022-07-29T08:37:30","modified_gmt":"2022-07-29T11:37:30","slug":"pf-apreende-175-kg-de-cocaina-em-navio-cargueiro-no-rio","status":"publish","type":"post","link":"https:\/\/www.sincomam.org.br\/index.php\/pf-apreende-175-kg-de-cocaina-em-navio-cargueiro-no-rio\/","title":{"rendered":"PF apreende 175 kg de coca\u00edna em navio cargueiro no Rio"},"content":{"rendered":"<p>A Pol\u00edcia Federal apreendeu na tarde de hoje (28) 175 quilos (kg) de coca\u00edna em um navio cargueiro, que tinha como destino a cidade de Tenerife, na Espanha.<img decoding=\"async\" src=\"https:\/\/agenciabrasil.ebc.com.br\/ebc.png?id=1473324&amp;o=node\" \/><img decoding=\"async\" src=\"https:\/\/agenciabrasil.ebc.com.br\/ebc.gif?id=1473324&amp;o=node\" \/><\/p>\n<p>A a\u00e7\u00e3o, realizada pela Delegacia de Repress\u00e3o a Drogas (DRE\/RJ), teve in\u00edcio ap\u00f3s a informa\u00e7\u00e3o da exist\u00eancia de volumes suspeitos no interior do navio por parte da supervis\u00e3o de Seguran\u00e7a Portu\u00e1ria que atua no Porto do Rio de Janeiro.<\/p>\n<p>A droga estava solta em meio a paletes (estrados de madeira, metal ou pl\u00e1stico utilizados para movimenta\u00e7\u00e3o de cargas). A droga estava dentro de um navio com um carregamento de carros.<\/p>\n<p>A droga foi encaminhada \u00e0 Superintend\u00eancia da Pol\u00edcia Federal no Rio de Janeiro para formaliza\u00e7\u00e3o da apreens\u00e3o. A investiga\u00e7\u00e3o para identifica\u00e7\u00e3o dos respons\u00e1veis pela remessa da coca\u00edna prosseguir\u00e1 a cargo da Delegacia de Repress\u00e3o a Entorpecentes da PF.<\/p>\n<p>A pena pelo crime de tr\u00e1fico transnacional de drogas pode chegar a15 anos de reclus\u00e3o.<\/p>\n<p>&nbsp;<\/p>\n<p>Fonte: Ag\u00eancia Brasil<\/p>\n","protected":false},"excerpt":{"rendered":"<p>A Pol\u00edcia Federal apreendeu na tarde de hoje (28) 175 quilos (kg) de coca\u00edna em um navio cargueiro, que tinha como destino a cidade de&#8230;<\/p>\n","protected":false},"author":1527,"featured_media":40447,"comment_status":"closed","ping_status":"closed","sticky":false,"template":"","format":"standard","meta":{"footnotes":""},"categories":[6],"tags":[],"class_list":["post-40615","post","type-post","status-publish","format-standard","has-post-thumbnail","hentry","category-noticias"],"_links":{"self":[{"href":"https:\/\/www.sincomam.org.br\/index.php\/wp-json\/wp\/v2\/posts\/40615","targetHints":{"allow":["GET"]}}],"collection":[{"href":"https:\/\/www.sincomam.org.br\/index.php\/wp-json\/wp\/v2\/posts"}],"about":[{"href":"https:\/\/www.sincomam.org.br\/index.php\/wp-json\/wp\/v2\/types\/post"}],"author":[{"embeddable":true,"href":"https:\/\/www.sincomam.org.br\/index.php\/wp-json\/wp\/v2\/users\/1527"}],"replies":[{"embeddable":true,"href":"https:\/\/www.sincomam.org.br\/index.php\/wp-json\/wp\/v2\/comments?post=40615"}],"version-history":[{"count":1,"href":"https:\/\/www.sincomam.org.br\/index.php\/wp-json\/wp\/v2\/posts\/40615\/revisions"}],"predecessor-version":[{"id":40616,"href":"https:\/\/www.sincomam.org.br\/index.php\/wp-json\/wp\/v2\/posts\/40615\/revisions\/40616"}],"wp:featuredmedia":[{"embeddable":true,"href":"https:\/\/www.sincomam.org.br\/index.php\/wp-json\/wp\/v2\/media\/40447"}],"wp:attachment":[{"href":"https:\/\/www.sincomam.org.br\/index.php\/wp-json\/wp\/v2\/media?parent=40615"}],"wp:term":[{"taxonomy":"category","embeddable":true,"href":"https:\/\/www.sincomam.org.br\/index.php\/wp-json\/wp\/v2\/categories?post=40615"},{"taxonomy":"post_tag","embeddable":true,"href":"https:\/\/www.sincomam.org.br\/index.php\/wp-json\/wp\/v2\/tags?post=40615"}],"curies":[{"name":"wp","href":"https:\/\/api.w.org\/{rel}","templated":true}]}}