{"id":4060,"date":"2014-03-10T10:35:45","date_gmt":"2014-03-10T13:35:45","guid":{"rendered":"http:\/\/www.sincomam.org.br\/?p=4060"},"modified":"2014-03-10T15:43:39","modified_gmt":"2014-03-10T18:43:39","slug":"keppel-singmarine-vai-ampliar-estaleiro-em-sc","status":"publish","type":"post","link":"https:\/\/www.sincomam.org.br\/index.php\/keppel-singmarine-vai-ampliar-estaleiro-em-sc\/","title":{"rendered":"Keppel Singmarine vai ampliar estaleiro em SC"},"content":{"rendered":"<p>A multinacional Keppel Singmarine investir\u00e1 US$ 80 milh\u00f5es na expans\u00e3o do seu estaleiro em Navegantes (SC). O anuncio foi feito pela companhia ao governo do Estado catarinense durante miss\u00e3o oficial em Cingapura. A empresa dependia da emiss\u00e3o de licen\u00e7as, concedidas no fim de 2013, para fechar o aporte. Segundo o secret\u00e1rio de Desenvolvimento Econ\u00f4mico Sustent\u00e1vel, Paulo Bornhausen, o montante mais que duplicar\u00e1 a capacidade de produ\u00e7\u00e3o do estaleiro &#8211; dedicado a embarca\u00e7\u00f5es de apoio a plataformas petrol\u00edferas. Hoje o estaleiro pode fabricar oito embarca\u00e7\u00f5es por ano.<\/p>\n<p>O investimento prev\u00ea a constru\u00e7\u00e3o de uma nova doca seca e a amplia\u00e7\u00e3o de 100 metros para 300 metros do p\u00eder, entre outros. A estimativa \u00e9 que a expans\u00e3o seja conclu\u00edda em at\u00e9 24 meses. A obra elevar\u00e1 o n\u00famero de funcion\u00e1rios de atuais 700 para quase 1,1 mil pessoas.<\/p>\n<p>Al\u00e9m do aporte em Navegantes, o governo est\u00e1 em Cingapura costurando poss\u00edveis investimentos de empresas nos onze parques tecnol\u00f3gicos que est\u00e3o sendo licitados no Estado. O objetivo \u00e9 buscar parcerias para fazer o desenvolvimento dos projetos e do modelo dos centros de inova\u00e7\u00e3o. &#8220;S\u00e3o locais que ter\u00e3o muitas empresas startup e estamos procurando um modelo de ancoragem que permita fazer de cada centro um cluster espec\u00edfico&#8221;, disse Bornhausen.<\/p>\n<p>Todos j\u00e1 t\u00eam projetos executivos e verbas, sendo a maior parte financiamento via Banco Nacional de Desenvolvimento Econ\u00f4mico e Social (BNDES), num total de R$ 100 milh\u00f5es. A previs\u00e3o \u00e9 que os onze parques estejam operando em at\u00e9 24 meses.<\/p>\n<p>O secret\u00e1rio se reuniu com o principal executivo da Keppel, Loh Chin Hua, e convidou a empresa a somar-se ao Centro de Inova\u00e7\u00e3o de Itaja\u00ed. Segundo Bornhausen, o executivo se mostrou entusiasmado com a ideia.<\/p>\n<p>Outra empresa com quem o secret\u00e1rio manteve contato para desenvolver o projeto e o modelo do Centro de Inova\u00e7\u00e3o de Itaja\u00ed foi a Jurong International, consultoria de Cingapura para cria\u00e7\u00e3o de polos de inova\u00e7\u00e3o e crescimento econ\u00f4mico. &#8220;Eles demonstraram muito interesse em ser nossos parceiros no planejamento e execu\u00e7\u00e3o do centro de inova\u00e7\u00e3o&#8221;, disse Bornhausen.<\/p>\n<p>O governo do Estado j\u00e1 tem parceria com a Catalunha, na Espanha, para os projetos dos centros de inova\u00e7\u00e3o, e entende que a aproxima\u00e7\u00e3o com Cingapura, com vasta experi\u00eancia nesse neg\u00f3cio, pode garantir a excel\u00eancia desse projeto em Santa Catarina.<\/p>\n<p>Na ter\u00e7a-feira da pr\u00f3xima semana, todas as iniciativas recentes envolvendo inova\u00e7\u00e3o do governo catarinense se unir\u00e3o sob o Programa Catarinense de Inova\u00e7\u00e3o, que tem tr\u00eas eixos fundamentais: gest\u00e3o da inova\u00e7\u00e3o, capacita\u00e7\u00e3o de pessoas e uma ag\u00eancia criada para promo\u00e7\u00e3o das empresas do Estado e atra\u00e7\u00e3o de investimento.<\/p>\n<p>Fonte: Valor Econ\u00f4mico \/\u00a0Foto: Ivan Erick | AGECOM<\/p>\n","protected":false},"excerpt":{"rendered":"<p>A multinacional Keppel Singmarine investir\u00e1 US$ 80 milh\u00f5es na expans\u00e3o do seu estaleiro em Navegantes (SC). O anuncio foi feito pela companhia ao governo do&#8230;<\/p>\n","protected":false},"author":1182,"featured_media":0,"comment_status":"closed","ping_status":"closed","sticky":false,"template":"","format":"standard","meta":{"footnotes":""},"categories":[6],"tags":[81,669,292],"class_list":["post-4060","post","type-post","status-publish","format-standard","hentry","category-noticias","tag-estaleiro","tag-keppel-singmarine","tag-santa-catarina"],"_links":{"self":[{"href":"https:\/\/www.sincomam.org.br\/index.php\/wp-json\/wp\/v2\/posts\/4060","targetHints":{"allow":["GET"]}}],"collection":[{"href":"https:\/\/www.sincomam.org.br\/index.php\/wp-json\/wp\/v2\/posts"}],"about":[{"href":"https:\/\/www.sincomam.org.br\/index.php\/wp-json\/wp\/v2\/types\/post"}],"author":[{"embeddable":true,"href":"https:\/\/www.sincomam.org.br\/index.php\/wp-json\/wp\/v2\/users\/1182"}],"replies":[{"embeddable":true,"href":"https:\/\/www.sincomam.org.br\/index.php\/wp-json\/wp\/v2\/comments?post=4060"}],"version-history":[{"count":1,"href":"https:\/\/www.sincomam.org.br\/index.php\/wp-json\/wp\/v2\/posts\/4060\/revisions"}],"predecessor-version":[{"id":4062,"href":"https:\/\/www.sincomam.org.br\/index.php\/wp-json\/wp\/v2\/posts\/4060\/revisions\/4062"}],"wp:attachment":[{"href":"https:\/\/www.sincomam.org.br\/index.php\/wp-json\/wp\/v2\/media?parent=4060"}],"wp:term":[{"taxonomy":"category","embeddable":true,"href":"https:\/\/www.sincomam.org.br\/index.php\/wp-json\/wp\/v2\/categories?post=4060"},{"taxonomy":"post_tag","embeddable":true,"href":"https:\/\/www.sincomam.org.br\/index.php\/wp-json\/wp\/v2\/tags?post=4060"}],"curies":[{"name":"wp","href":"https:\/\/api.w.org\/{rel}","templated":true}]}}