{"id":40590,"date":"2022-07-28T08:53:31","date_gmt":"2022-07-28T11:53:31","guid":{"rendered":"http:\/\/www.sincomam.org.br\/?p=40590"},"modified":"2022-07-28T08:53:31","modified_gmt":"2022-07-28T11:53:31","slug":"a-capitania-dos-portos-de-alagoas-realiza-a-passagem-de-comando","status":"publish","type":"post","link":"https:\/\/www.sincomam.org.br\/index.php\/a-capitania-dos-portos-de-alagoas-realiza-a-passagem-de-comando\/","title":{"rendered":"A Capitania dos Portos de Alagoas realiza a Passagem de Comando"},"content":{"rendered":"<p>A Capitania dos Portos de Alagoas realiza a cerim\u00f4nia de Passagem de Comando nesta quinta-feira. Na ocasi\u00e3o, o Capit\u00e3o de Fragata LUCIANO DA SILVA TEIXEIRA tomar\u00e1 posse no cargo de Capit\u00e3o dos Portos de Alagoas, em substitui\u00e7\u00e3o ao Capit\u00e3o de Mar e Guerra WENDELL PETROCELLI DE LIMA, que estava no Comando desde 22 de julho de 2020.<\/p>\n<p>A solenidade ser\u00e1 presidida pelo Comandante do 3\u00b0 Distrito Naval, Vice-Almirante ANDR\u00c9 MORAES FERREIRA, e reunir\u00e1 autoridades civis e militares, al\u00e9m de representantes das comunidades mar\u00edtima e portu\u00e1ria de Alagoas.<\/p>\n<p>Fonte: Defesa em Foco<\/p>\n","protected":false},"excerpt":{"rendered":"<p>A Capitania dos Portos de Alagoas realiza a cerim\u00f4nia de Passagem de Comando nesta quinta-feira. Na ocasi\u00e3o, o Capit\u00e3o de Fragata LUCIANO DA SILVA TEIXEIRA&#8230;<\/p>\n","protected":false},"author":1527,"featured_media":40591,"comment_status":"closed","ping_status":"closed","sticky":false,"template":"","format":"standard","meta":{"footnotes":""},"categories":[6],"tags":[],"class_list":["post-40590","post","type-post","status-publish","format-standard","has-post-thumbnail","hentry","category-noticias"],"_links":{"self":[{"href":"https:\/\/www.sincomam.org.br\/index.php\/wp-json\/wp\/v2\/posts\/40590","targetHints":{"allow":["GET"]}}],"collection":[{"href":"https:\/\/www.sincomam.org.br\/index.php\/wp-json\/wp\/v2\/posts"}],"about":[{"href":"https:\/\/www.sincomam.org.br\/index.php\/wp-json\/wp\/v2\/types\/post"}],"author":[{"embeddable":true,"href":"https:\/\/www.sincomam.org.br\/index.php\/wp-json\/wp\/v2\/users\/1527"}],"replies":[{"embeddable":true,"href":"https:\/\/www.sincomam.org.br\/index.php\/wp-json\/wp\/v2\/comments?post=40590"}],"version-history":[{"count":1,"href":"https:\/\/www.sincomam.org.br\/index.php\/wp-json\/wp\/v2\/posts\/40590\/revisions"}],"predecessor-version":[{"id":40592,"href":"https:\/\/www.sincomam.org.br\/index.php\/wp-json\/wp\/v2\/posts\/40590\/revisions\/40592"}],"wp:featuredmedia":[{"embeddable":true,"href":"https:\/\/www.sincomam.org.br\/index.php\/wp-json\/wp\/v2\/media\/40591"}],"wp:attachment":[{"href":"https:\/\/www.sincomam.org.br\/index.php\/wp-json\/wp\/v2\/media?parent=40590"}],"wp:term":[{"taxonomy":"category","embeddable":true,"href":"https:\/\/www.sincomam.org.br\/index.php\/wp-json\/wp\/v2\/categories?post=40590"},{"taxonomy":"post_tag","embeddable":true,"href":"https:\/\/www.sincomam.org.br\/index.php\/wp-json\/wp\/v2\/tags?post=40590"}],"curies":[{"name":"wp","href":"https:\/\/api.w.org\/{rel}","templated":true}]}}