{"id":4058,"date":"2014-03-10T10:40:02","date_gmt":"2014-03-10T13:40:02","guid":{"rendered":"http:\/\/www.sincomam.org.br\/?p=4058"},"modified":"2014-03-10T15:35:37","modified_gmt":"2014-03-10T18:35:37","slug":"antaq-vai-fazer-novas-audiencias-publicas-sobre-licitacao-de-portos","status":"publish","type":"post","link":"https:\/\/www.sincomam.org.br\/index.php\/antaq-vai-fazer-novas-audiencias-publicas-sobre-licitacao-de-portos\/","title":{"rendered":"Antaq vai fazer novas audi\u00eancias p\u00fablicas sobre licita\u00e7\u00e3o de portos"},"content":{"rendered":"<p><b><i>Em dezembro do ano passado, o TCU estabeleceu 19 condi\u00e7\u00f5es para que o governo publique o edital para licita\u00e7\u00e3o dos portos<\/i><\/b><\/p>\n<p>A Ag\u00eancia Nacional de Transportes Aquavi\u00e1rios (Antaq) informou no s\u00e1bado (8) que far\u00e1 novas audi\u00eancias p\u00fablicas sobre a licita\u00e7\u00e3o para explora\u00e7\u00e3o dos portos de Salvador, Aratu (BA), Paranagu\u00e1 (PR) e S\u00e3o Sebasti\u00e3o (SP).<\/p>\n<p>A consulta p\u00fablica tinha come\u00e7ado em outubro do ano passado, mas a diretoria da Ag\u00eancia decidiu fazer novas audi\u00eancias, incluindo ajustes nos estudos, conforme considera\u00e7\u00f5es apresentadas pelo Tribunal de Contas da Uni\u00e3o (TCU) para o primeiro lote de licita\u00e7\u00f5es lan\u00e7ado pelo governo.<\/p>\n<p>Em dezembro do ano passado, o TCU estabeleceu 19 condi\u00e7\u00f5es para que o governo publique o edital para licita\u00e7\u00e3o dos portos de Santos (SP), Bel\u00e9m, Santar\u00e9m (PA), Vila do Conde (PA), al\u00e9m dos terminais de Outeiro (PA) e Miramar (PA). Os ministros consideraram insuficientes os estudos apresentados pelo governo e pediram mais informa\u00e7\u00f5es t\u00e9cnicas sobre os projetos. O governo federal pediu a revis\u00e3o de algumas das condi\u00e7\u00f5es impostas pelo tribunal para liberar a publica\u00e7\u00e3o do edital dos portos.<\/p>\n<p>Segundo a Antaq, o objetivo da consulta p\u00fablica \u00e9 obter contribui\u00e7\u00f5es, subs\u00eddios e sugest\u00f5es para o aprimoramento de editais e contratos referentes aos arrendamentos. Os avisos sobre as novas audi\u00eancias p\u00fablicas, com as datas e locais, ser\u00e3o publicados oportunamente.<\/p>\n<p>Fonte: Ag\u00eancia Brasil<\/p>\n","protected":false},"excerpt":{"rendered":"<p>Em dezembro do ano passado, o TCU estabeleceu 19 condi\u00e7\u00f5es para que o governo publique o edital para licita\u00e7\u00e3o dos portos A Ag\u00eancia Nacional de&#8230;<\/p>\n","protected":false},"author":1182,"featured_media":3896,"comment_status":"closed","ping_status":"closed","sticky":false,"template":"","format":"standard","meta":{"footnotes":""},"categories":[6],"tags":[301,667,668,69],"class_list":["post-4058","post","type-post","status-publish","format-standard","has-post-thumbnail","hentry","category-noticias","tag-antaq","tag-audiencias","tag-licitacoes","tag-portos"],"_links":{"self":[{"href":"https:\/\/www.sincomam.org.br\/index.php\/wp-json\/wp\/v2\/posts\/4058","targetHints":{"allow":["GET"]}}],"collection":[{"href":"https:\/\/www.sincomam.org.br\/index.php\/wp-json\/wp\/v2\/posts"}],"about":[{"href":"https:\/\/www.sincomam.org.br\/index.php\/wp-json\/wp\/v2\/types\/post"}],"author":[{"embeddable":true,"href":"https:\/\/www.sincomam.org.br\/index.php\/wp-json\/wp\/v2\/users\/1182"}],"replies":[{"embeddable":true,"href":"https:\/\/www.sincomam.org.br\/index.php\/wp-json\/wp\/v2\/comments?post=4058"}],"version-history":[{"count":1,"href":"https:\/\/www.sincomam.org.br\/index.php\/wp-json\/wp\/v2\/posts\/4058\/revisions"}],"predecessor-version":[{"id":4059,"href":"https:\/\/www.sincomam.org.br\/index.php\/wp-json\/wp\/v2\/posts\/4058\/revisions\/4059"}],"wp:featuredmedia":[{"embeddable":true,"href":"https:\/\/www.sincomam.org.br\/index.php\/wp-json\/wp\/v2\/media\/3896"}],"wp:attachment":[{"href":"https:\/\/www.sincomam.org.br\/index.php\/wp-json\/wp\/v2\/media?parent=4058"}],"wp:term":[{"taxonomy":"category","embeddable":true,"href":"https:\/\/www.sincomam.org.br\/index.php\/wp-json\/wp\/v2\/categories?post=4058"},{"taxonomy":"post_tag","embeddable":true,"href":"https:\/\/www.sincomam.org.br\/index.php\/wp-json\/wp\/v2\/tags?post=4058"}],"curies":[{"name":"wp","href":"https:\/\/api.w.org\/{rel}","templated":true}]}}