{"id":40576,"date":"2022-07-27T08:24:37","date_gmt":"2022-07-27T11:24:37","guid":{"rendered":"http:\/\/www.sincomam.org.br\/?p=40576"},"modified":"2022-07-27T08:24:37","modified_gmt":"2022-07-27T11:24:37","slug":"antaq-e-antt-fiscalizam-trajeto-rodofluvial-da-br-319-am","status":"publish","type":"post","link":"https:\/\/www.sincomam.org.br\/index.php\/antaq-e-antt-fiscalizam-trajeto-rodofluvial-da-br-319-am\/","title":{"rendered":"ANTAQ e ANTT fiscalizam trajeto rodofluvial da BR-319\/AM"},"content":{"rendered":"<p>Entre os dias 18 e 22 de julho, a ANTAQ e a Ag\u00eancia Nacional de Transportes Terrestres (ANTT), em conjunto com a Pol\u00edcia Rodovi\u00e1ria Federal (PRF), realizaram uma opera\u00e7\u00e3o de fiscaliza\u00e7\u00e3o com o objetivo de garantir a seguran\u00e7a do transporte dos usu\u00e1rios e a regularidade dos prestadores de servi\u00e7o da BR-319. A a\u00e7\u00e3o aconteceu entre os munic\u00edpios de Manaus (AM) e Careiro da V\u00e1rzea (AM), na rota que liga a capital amazonense a Porto Velho (RO).<\/p>\n<p>O trecho possibilitou a fiscaliza\u00e7\u00e3o do fluxo de ve\u00edculos que transitam por conex\u00e3o rodofluvial, sendo verificados os ve\u00edculos em situa\u00e7\u00e3o regular e irregular no Registro Nacional de Transportadores Rodovi\u00e1rios de Carga (RNTRC), al\u00e9m do pagamento do Piso M\u00ednimo de Frete. A fiscaliza\u00e7\u00e3o tamb\u00e9m se atentou sobre a quest\u00e3o dos Transportes Rodovi\u00e1rios de Produtos Perigosos, com foco nos itens de seguran\u00e7a dos ve\u00edculos que ali transitavam.<\/p>\n<p>A BR \u00e9 a \u00fanica liga\u00e7\u00e3o entre Porto Velho e Manaus, que \u00e9 feita por meio de uma travessia fluvial de 13 quil\u00f4metros e dura\u00e7\u00e3o de 60 minutos de balsa entre a capital amazonense e Careiro da V\u00e1rzea. A travessia \u00e9 regulada pela ANTAQ, que tamb\u00e9m \u00e9 respons\u00e1vel por estabelecer os direitos e deveres no transporte regular na navega\u00e7\u00e3o interior interestadual, internacional, em diretriz de rodovia federal, ou realizada entre portos brasileiros e fronteiras nacionais.<\/p>\n<p>Fonte: Antaq<\/p>\n","protected":false},"excerpt":{"rendered":"<p>Entre os dias 18 e 22 de julho, a ANTAQ e a Ag\u00eancia Nacional de Transportes Terrestres (ANTT), em conjunto com a Pol\u00edcia Rodovi\u00e1ria Federal&#8230;<\/p>\n","protected":false},"author":1527,"featured_media":40578,"comment_status":"closed","ping_status":"closed","sticky":false,"template":"","format":"standard","meta":{"footnotes":""},"categories":[6],"tags":[],"class_list":["post-40576","post","type-post","status-publish","format-standard","has-post-thumbnail","hentry","category-noticias"],"_links":{"self":[{"href":"https:\/\/www.sincomam.org.br\/index.php\/wp-json\/wp\/v2\/posts\/40576","targetHints":{"allow":["GET"]}}],"collection":[{"href":"https:\/\/www.sincomam.org.br\/index.php\/wp-json\/wp\/v2\/posts"}],"about":[{"href":"https:\/\/www.sincomam.org.br\/index.php\/wp-json\/wp\/v2\/types\/post"}],"author":[{"embeddable":true,"href":"https:\/\/www.sincomam.org.br\/index.php\/wp-json\/wp\/v2\/users\/1527"}],"replies":[{"embeddable":true,"href":"https:\/\/www.sincomam.org.br\/index.php\/wp-json\/wp\/v2\/comments?post=40576"}],"version-history":[{"count":1,"href":"https:\/\/www.sincomam.org.br\/index.php\/wp-json\/wp\/v2\/posts\/40576\/revisions"}],"predecessor-version":[{"id":40579,"href":"https:\/\/www.sincomam.org.br\/index.php\/wp-json\/wp\/v2\/posts\/40576\/revisions\/40579"}],"wp:featuredmedia":[{"embeddable":true,"href":"https:\/\/www.sincomam.org.br\/index.php\/wp-json\/wp\/v2\/media\/40578"}],"wp:attachment":[{"href":"https:\/\/www.sincomam.org.br\/index.php\/wp-json\/wp\/v2\/media?parent=40576"}],"wp:term":[{"taxonomy":"category","embeddable":true,"href":"https:\/\/www.sincomam.org.br\/index.php\/wp-json\/wp\/v2\/categories?post=40576"},{"taxonomy":"post_tag","embeddable":true,"href":"https:\/\/www.sincomam.org.br\/index.php\/wp-json\/wp\/v2\/tags?post=40576"}],"curies":[{"name":"wp","href":"https:\/\/api.w.org\/{rel}","templated":true}]}}