{"id":40561,"date":"2022-07-27T08:10:31","date_gmt":"2022-07-27T11:10:31","guid":{"rendered":"http:\/\/www.sincomam.org.br\/?p=40561"},"modified":"2022-07-27T08:10:31","modified_gmt":"2022-07-27T11:10:31","slug":"brasil-colombia-e-peru-realizam-exercicios-taticos-no-alto-solimoes","status":"publish","type":"post","link":"https:\/\/www.sincomam.org.br\/index.php\/brasil-colombia-e-peru-realizam-exercicios-taticos-no-alto-solimoes\/","title":{"rendered":"Brasil, Col\u00f4mbia e Peru realizam exerc\u00edcios t\u00e1ticos no alto Solim\u00f5es"},"content":{"rendered":"<p>No alto Solim\u00f5es, na cidade de Tabatinga (AM), os Navios-Patrulha Fluvial \u201cRaposo Tavares\u201d e \u201cRond\u00f4nia\u201d, assim como o Navio de Assist\u00eancia Hospitalar \u201cOswaldo Cruz\u201d e a aeronave UH-12, inciaram a Opera\u00e7\u00e3o BraColPer Naval 2022, compondo o Grupo-Tarefa (GT) da Flotilha do Amazonas at\u00e9 o dia 10 de agosto. Neste momento, a comiss\u00e3o navega no Rio Amazonas Peruano a caminho da cidade de Iquitos, no Peru.<\/p>\n<p>A Opera\u00e7\u00e3o BraColPer re\u00fane as capacidades das Marinhas do Brasil (MB), Col\u00f4mbia e Peru desde 1974, com o objetivo de realizar exerc\u00edcios mediante de interc\u00e2mbio de conhecimento na Tr\u00edplice Fronteira, aprimorando o n\u00edvel de adestramento e permitindo assim a efic\u00e1cia nas opera\u00e7\u00f5es combinadas das unidades navais dos pa\u00edses participantes.<\/p>\n<p>A Opera\u00e7\u00e3o \u00e9 dividida em tr\u00eas fases e envolve mais de 400 militares. As fases I e II s\u00e3o realizadas nos Rio Mara\u00f1on, o Rio Solim\u00f5es Peruano, entre as cidades de Let\u00edcia (Col\u00f4mbia) e Iquitos (Peru), nos per\u00edodos que coincidem com as datas das Independ\u00eancias desses pa\u00edses, comemoradas nos dias 20 e 28 de julho, respectivamente. Ao final dessas fases, os navios que comp\u00f5em o GT regressam para as suas sedes. Como nos anos anteriores, a fase III, realizada no estado do Amazonas, ocorrer\u00e1 nos Rios Solim\u00f5es e Negro, no m\u00eas de setembro, justamente por ocasi\u00e3o da comemora\u00e7\u00e3o dos 200 anos da Independ\u00eancia do Brasil.<\/p>\n<p>O Vice-Almirante Thadeu Marcos Orosco Coelho Lobo enfatizou que \u00e9 um privil\u00e9gio para a MB participar como marinha-anfitri\u00e3 no ano em que o Brasil comemora o bicenten\u00e1rio da sua Independ\u00eancia.<\/p>\n<p><strong>Comemora\u00e7\u00f5es da Independ\u00eancia da Col\u00f4mbia<\/strong><br \/>\nNo dia 20 de julho de 2022, na cidade de Let\u00edcia \u2013 Col\u00f4mbia, foram realizadas as celebra\u00e7\u00f5es relativas ao 212\u00ba anivers\u00e1rio da Independ\u00eancia da Col\u00f4mbia com a presen\u00e7a de autoridades civis e militares brasileiras. Dentre os eventos protocolares, destacam-se a celebra\u00e7\u00e3o de uma missa na Catedral de Let\u00edcia, al\u00e9m do desfile c\u00edvico alusivo aos 212 anos da Independ\u00eancia da Col\u00f4mbia, onde militares da Marinha e do Ex\u00e9rcito do Brasil tamb\u00e9m desfilaram pelas ruas da cidade. Na ocasi\u00e3o, houve demonstra\u00e7\u00e3o de pessoal, meios e equipamentos operativos militares colombianos; como tamb\u00e9m aposi\u00e7\u00e3o floral diante do busto do Almirante Padilla, her\u00f3i colombiano que teve participa\u00e7\u00e3o decisiva na Independ\u00eancia.<\/p>\n<p>J\u00e1 no rio Mara\u00f1on, os Navios-Patrulha Fluvial \u201cRaposo Tavares\u201d e \u201cRond\u00f4nia\u201d, e o Navio de Assist\u00eancia Hospitalar \u201cOswaldo Cruz\u201d, da Marinha do Brasil, acompanhado dos Navios \u201cARC Rey\u201d, \u201cARC Let\u00edcia\u201d, \u201cARC Joyss\u201d da Armada da Col\u00f4mbia mais o navio \u201cBAP Clavero\u201d da Marinha de Guerra do Peru, realizaram um Desfile Naval encerrando as comemora\u00e7\u00f5es do dia p\u00e1trio.<\/p>\n<p>Fonte: Ag\u00eancia Marinha de Not\u00edcias<\/p>\n","protected":false},"excerpt":{"rendered":"<p>No alto Solim\u00f5es, na cidade de Tabatinga (AM), os Navios-Patrulha Fluvial \u201cRaposo Tavares\u201d e \u201cRond\u00f4nia\u201d, assim como o Navio de Assist\u00eancia Hospitalar \u201cOswaldo Cruz\u201d e&#8230;<\/p>\n","protected":false},"author":1527,"featured_media":40562,"comment_status":"closed","ping_status":"closed","sticky":false,"template":"","format":"standard","meta":{"footnotes":""},"categories":[6],"tags":[],"class_list":["post-40561","post","type-post","status-publish","format-standard","has-post-thumbnail","hentry","category-noticias"],"_links":{"self":[{"href":"https:\/\/www.sincomam.org.br\/index.php\/wp-json\/wp\/v2\/posts\/40561","targetHints":{"allow":["GET"]}}],"collection":[{"href":"https:\/\/www.sincomam.org.br\/index.php\/wp-json\/wp\/v2\/posts"}],"about":[{"href":"https:\/\/www.sincomam.org.br\/index.php\/wp-json\/wp\/v2\/types\/post"}],"author":[{"embeddable":true,"href":"https:\/\/www.sincomam.org.br\/index.php\/wp-json\/wp\/v2\/users\/1527"}],"replies":[{"embeddable":true,"href":"https:\/\/www.sincomam.org.br\/index.php\/wp-json\/wp\/v2\/comments?post=40561"}],"version-history":[{"count":1,"href":"https:\/\/www.sincomam.org.br\/index.php\/wp-json\/wp\/v2\/posts\/40561\/revisions"}],"predecessor-version":[{"id":40563,"href":"https:\/\/www.sincomam.org.br\/index.php\/wp-json\/wp\/v2\/posts\/40561\/revisions\/40563"}],"wp:featuredmedia":[{"embeddable":true,"href":"https:\/\/www.sincomam.org.br\/index.php\/wp-json\/wp\/v2\/media\/40562"}],"wp:attachment":[{"href":"https:\/\/www.sincomam.org.br\/index.php\/wp-json\/wp\/v2\/media?parent=40561"}],"wp:term":[{"taxonomy":"category","embeddable":true,"href":"https:\/\/www.sincomam.org.br\/index.php\/wp-json\/wp\/v2\/categories?post=40561"},{"taxonomy":"post_tag","embeddable":true,"href":"https:\/\/www.sincomam.org.br\/index.php\/wp-json\/wp\/v2\/tags?post=40561"}],"curies":[{"name":"wp","href":"https:\/\/api.w.org\/{rel}","templated":true}]}}