{"id":40557,"date":"2022-07-27T08:06:56","date_gmt":"2022-07-27T11:06:56","guid":{"rendered":"http:\/\/www.sincomam.org.br\/?p=40557"},"modified":"2022-07-27T08:06:56","modified_gmt":"2022-07-27T11:06:56","slug":"navalshore-tem-12-palestras-confirmadas-em-evento-paralelo-a-conferencia-oficial","status":"publish","type":"post","link":"https:\/\/www.sincomam.org.br\/index.php\/navalshore-tem-12-palestras-confirmadas-em-evento-paralelo-a-conferencia-oficial\/","title":{"rendered":"Navalshore tem 12 palestras confirmadas em evento paralelo \u00e0 confer\u00eancia oficial"},"content":{"rendered":"<p>A 16\u00aa edi\u00e7\u00e3o da Navalshore, de 16 a 18 de agosto no Expo Mag (ex-centro de conven\u00e7\u00f5es SulAm\u00e9rica), no Rio de Janeiro, contar\u00e1 com um ciclo de palestras realizado paralelamente \u00e0 confer\u00eancia oficial. Ser\u00e3o 12 palestras com conte\u00fado t\u00e9cnico dirigido aos profissionais e executivos do setor naval.<\/p>\n<p>Para participar, basta realizar o credenciamento gratuito no site da feira, no link https:\/\/www.navalshore.com.br\/pt\/conferencia\/palestras<\/p>\n<p>Abaixo, a programa\u00e7\u00e3o do ciclo de palestras, tamb\u00e9m dispon\u00edvel no link https:\/\/www.navalshore.com.br\/pt\/conferencia\/palestras.<\/p>\n<p>Conhe\u00e7a tamb\u00e9m a programa\u00e7\u00e3o da confer\u00eancia oficial da Navalshore, no link https:\/\/www.navalshore.com.br\/pt\/conferencia\/conferencia-oficial<\/p>\n<p>Servi\u00e7o<\/p>\n<p>A Portos e Navios \u00e9 a principal parceira e respons\u00e1vel pelo conte\u00fado t\u00e9cnico do evento, especialmente da confer\u00eancia que ocorre paralelamente \u00e0 feira.<\/p>\n<p><strong>Navalshore 2022 &#8211; 16\u00aa Feira e Confer\u00eancia da Ind\u00fastria Mar\u00edtima.<\/strong><\/p>\n<p>16 a 18 de agosto de 2022 no pavilh\u00e3o Expo Mag (ex-SulAm\u00e9rica), no Centro do Rio de Janeiro.<\/p>\n<p>Contato: navalshore@navalshore.com.br<\/p>\n<p>Website: <a href=\"https:\/\/navalshore.com.br\">https:\/\/navalshore.com.br<\/a><\/p>\n","protected":false},"excerpt":{"rendered":"<p>A 16\u00aa edi\u00e7\u00e3o da Navalshore, de 16 a 18 de agosto no Expo Mag (ex-centro de conven\u00e7\u00f5es SulAm\u00e9rica), no Rio de Janeiro, contar\u00e1 com um&#8230;<\/p>\n","protected":false},"author":1527,"featured_media":40559,"comment_status":"closed","ping_status":"closed","sticky":false,"template":"","format":"standard","meta":{"footnotes":""},"categories":[6],"tags":[],"class_list":["post-40557","post","type-post","status-publish","format-standard","has-post-thumbnail","hentry","category-noticias"],"_links":{"self":[{"href":"https:\/\/www.sincomam.org.br\/index.php\/wp-json\/wp\/v2\/posts\/40557","targetHints":{"allow":["GET"]}}],"collection":[{"href":"https:\/\/www.sincomam.org.br\/index.php\/wp-json\/wp\/v2\/posts"}],"about":[{"href":"https:\/\/www.sincomam.org.br\/index.php\/wp-json\/wp\/v2\/types\/post"}],"author":[{"embeddable":true,"href":"https:\/\/www.sincomam.org.br\/index.php\/wp-json\/wp\/v2\/users\/1527"}],"replies":[{"embeddable":true,"href":"https:\/\/www.sincomam.org.br\/index.php\/wp-json\/wp\/v2\/comments?post=40557"}],"version-history":[{"count":1,"href":"https:\/\/www.sincomam.org.br\/index.php\/wp-json\/wp\/v2\/posts\/40557\/revisions"}],"predecessor-version":[{"id":40560,"href":"https:\/\/www.sincomam.org.br\/index.php\/wp-json\/wp\/v2\/posts\/40557\/revisions\/40560"}],"wp:featuredmedia":[{"embeddable":true,"href":"https:\/\/www.sincomam.org.br\/index.php\/wp-json\/wp\/v2\/media\/40559"}],"wp:attachment":[{"href":"https:\/\/www.sincomam.org.br\/index.php\/wp-json\/wp\/v2\/media?parent=40557"}],"wp:term":[{"taxonomy":"category","embeddable":true,"href":"https:\/\/www.sincomam.org.br\/index.php\/wp-json\/wp\/v2\/categories?post=40557"},{"taxonomy":"post_tag","embeddable":true,"href":"https:\/\/www.sincomam.org.br\/index.php\/wp-json\/wp\/v2\/tags?post=40557"}],"curies":[{"name":"wp","href":"https:\/\/api.w.org\/{rel}","templated":true}]}}