{"id":4054,"date":"2014-03-10T10:00:10","date_gmt":"2014-03-10T13:00:10","guid":{"rendered":"http:\/\/www.sincomam.org.br\/?p=4054"},"modified":"2014-03-10T15:32:22","modified_gmt":"2014-03-10T18:32:22","slug":"trabalhadores-do-comperj-mantem-greve-ate-quarta","status":"publish","type":"post","link":"https:\/\/www.sincomam.org.br\/index.php\/trabalhadores-do-comperj-mantem-greve-ate-quarta\/","title":{"rendered":"Trabalhadores do Comperj mant\u00eam greve at\u00e9 quarta"},"content":{"rendered":"<p>Os oper\u00e1rios que trabalham na constru\u00e7\u00e3o do Complexo Petroqu\u00edmico do Rio de Janeiro (Comperj) decidiram em assembleia na manh\u00e3 desta segunda-feira, 10, manter a greve da categoria at\u00e9 a pr\u00f3xima quarta-feira, dia 12, quando uma nova assembleia ser\u00e1 realizada. A paralisa\u00e7\u00e3o completa amanh\u00e3 30 dias, segundo o Sindicato dos Trabalhadores do Plano da Constru\u00e7\u00e3o, Montagem e Manuten\u00e7\u00e3o de S\u00e3o Gon\u00e7alo, Itabora\u00ed e Regi\u00e3o (Sinticom), que representa a categoria.<\/p>\n<p>Os grevistas reivindicam reajuste salarial de 11,5%, al\u00e9m de aumento no valor de benef\u00edcios, como o vale-alimenta\u00e7\u00e3o. As construtoras respons\u00e1veis pela obra, entretanto, oferecem 7% de aumento. Em reuni\u00e3o de concilia\u00e7\u00e3o no Minist\u00e9rio P\u00fablico do Trabalho, os promotores tentaram elaborar uma proposta de aumento em 9%, mas n\u00e3o houve acordo.<\/p>\n<p>De acordo com o sindicato, cerca de 70% dos mais de 28 mil funcion\u00e1rios do Comperj adeririam \u00e0 greve. O movimento foi declarado ilegal pelo Tribunal Regional do Trabalho, que estipulou uma multa di\u00e1ria de R$ 10 mil ao sindicato.<\/p>\n","protected":false},"excerpt":{"rendered":"<p>Os oper\u00e1rios que trabalham na constru\u00e7\u00e3o do Complexo Petroqu\u00edmico do Rio de Janeiro (Comperj) decidiram em assembleia na manh\u00e3 desta segunda-feira, 10, manter a greve&#8230;<\/p>\n","protected":false},"author":1182,"featured_media":3719,"comment_status":"closed","ping_status":"closed","sticky":false,"template":"","format":"standard","meta":{"footnotes":""},"categories":[6],"tags":[360,300,217,244,664],"class_list":["post-4054","post","type-post","status-publish","format-standard","has-post-thumbnail","hentry","category-noticias","tag-comperj","tag-decisao","tag-funcionarios","tag-greve","tag-quarta"],"_links":{"self":[{"href":"https:\/\/www.sincomam.org.br\/index.php\/wp-json\/wp\/v2\/posts\/4054","targetHints":{"allow":["GET"]}}],"collection":[{"href":"https:\/\/www.sincomam.org.br\/index.php\/wp-json\/wp\/v2\/posts"}],"about":[{"href":"https:\/\/www.sincomam.org.br\/index.php\/wp-json\/wp\/v2\/types\/post"}],"author":[{"embeddable":true,"href":"https:\/\/www.sincomam.org.br\/index.php\/wp-json\/wp\/v2\/users\/1182"}],"replies":[{"embeddable":true,"href":"https:\/\/www.sincomam.org.br\/index.php\/wp-json\/wp\/v2\/comments?post=4054"}],"version-history":[{"count":1,"href":"https:\/\/www.sincomam.org.br\/index.php\/wp-json\/wp\/v2\/posts\/4054\/revisions"}],"predecessor-version":[{"id":4055,"href":"https:\/\/www.sincomam.org.br\/index.php\/wp-json\/wp\/v2\/posts\/4054\/revisions\/4055"}],"wp:featuredmedia":[{"embeddable":true,"href":"https:\/\/www.sincomam.org.br\/index.php\/wp-json\/wp\/v2\/media\/3719"}],"wp:attachment":[{"href":"https:\/\/www.sincomam.org.br\/index.php\/wp-json\/wp\/v2\/media?parent=4054"}],"wp:term":[{"taxonomy":"category","embeddable":true,"href":"https:\/\/www.sincomam.org.br\/index.php\/wp-json\/wp\/v2\/categories?post=4054"},{"taxonomy":"post_tag","embeddable":true,"href":"https:\/\/www.sincomam.org.br\/index.php\/wp-json\/wp\/v2\/tags?post=4054"}],"curies":[{"name":"wp","href":"https:\/\/api.w.org\/{rel}","templated":true}]}}