{"id":40538,"date":"2022-07-26T10:00:54","date_gmt":"2022-07-26T13:00:54","guid":{"rendered":"http:\/\/www.sincomam.org.br\/?p=40538"},"modified":"2022-07-26T10:00:54","modified_gmt":"2022-07-26T13:00:54","slug":"futuro-da-industria-naval-e-tema-de-painel-na-navalshore","status":"publish","type":"post","link":"https:\/\/www.sincomam.org.br\/index.php\/futuro-da-industria-naval-e-tema-de-painel-na-navalshore\/","title":{"rendered":"Futuro da ind\u00fastria naval \u00e9 tema de painel na Navalshore"},"content":{"rendered":"<p>A confer\u00eancia oficial da Navalshore ter\u00e1 este ano quatro pain\u00e9is, nos dois primeiros dias do evento. No dia 16 de agosto, o primeiro painel ser\u00e1 dedicado ao futuro da ind\u00fastria naval, sob o t\u00edtulo &#8220;Cen\u00e1rios da ind\u00fastria naval e offshore&#8221;. Participam deste painel representantes de algumas das principais entidades empresariais do setor e o poder p\u00fablico \u2014 Associa\u00e7\u00e3o Brasileira das Empresas de Apoio Mar\u00edtimo (ABEAM) \/ Sindicato Nacional das Empresas de Navega\u00e7\u00e3o Mar\u00edtima (SYNDARMA), Coordenadoria Geral de Projetos dos Fundos de Infraestrutura \u2013 Minist\u00e9rio da Infraestrutura, Sindicato da Ind\u00fastria de Constru\u00e7\u00e3o Naval do Estado do Par\u00e1 (SINCONAPA), e Sindicato Nacional da Ind\u00fastria da Constru\u00e7\u00e3o e Repara\u00e7\u00e3o Naval e Offshore (SINAVAL).<\/p>\n<p>O segundo painel do primeiro dia da confer\u00eancia ser\u00e1 dedicado aos programas de constru\u00e7\u00e3o da Marinha do Brasil, sob o t\u00edtulo &#8220;Programas de renova\u00e7\u00e3o e amplia\u00e7\u00e3o dos meios navais da Marinha do Brasil&#8221;. A Diretoria Geral do Material da Marinha, a SPE \u00c1guas Azuis e a C\u00e2mara Setorial de Equipamentos Navais, Offshore e Onshore \u2013 CSEN\/ABIMAQ atualizar\u00e3o as informa\u00e7\u00f5es sobre os projetos e as parcerias entre a For\u00e7a Naval e os fornecedores.<\/p>\n<p>No dia 17 de agosto, segundo da Navalshore, o primeiro painel ter\u00e1 como tema &#8220;E\u00f3licas offshore \u2013 perspectivas e oportunidades para a ind\u00fastria naval e offshore&#8221;. Os projetos existentes, os est\u00e1gios de licenciamento, os \u00f3bices a serem superados pelos empreendimentos e as oportunidades para o setor naval ser\u00e3o debatidos pela Associa\u00e7\u00e3o Brasileira de E\u00f3licas Mar\u00edtimas (ABEMAR), Instituto Brasileiro do Meio Ambiente e dos Recursos Naturais Renov\u00e1veis (IBAMA), DNV e Estaleiro Atl\u00e2ntico Sul (EAS).<\/p>\n<p>O segundo painel do dia 17 de agosto ser\u00e1 dedicado \u00e0 &#8220;Descarboniza\u00e7\u00e3o da ind\u00fastria mar\u00edtima&#8221;, que finaliza a programa\u00e7\u00e3o da confer\u00eancia. Um dos assuntos mais relevantes do momento para a ind\u00fastria mar\u00edtima mundial, o painel ter\u00e1 a participa\u00e7\u00e3o da Kongsberg Maritime do Brasil, Wartsila e da Secretaria Executiva da Comiss\u00e3o Coordenadora dos Assuntos da IMO (Sec-IMO) &#8211; Assessoria para Atividades Mar\u00edtimas Internacionais (DPC-013) &#8211; Diretoria de Portos e Costas.<\/p>\n<p>Servi\u00e7o<\/p>\n<p>A Portos e Navios \u00e9 a principal parceira e respons\u00e1vel pelo conte\u00fado t\u00e9cnico do evento, especialmente da confer\u00eancia que ocorre paralelamente \u00e0 feira.<\/p>\n<p>Navalshore 2022 &#8211; 16\u00aa Feira e Confer\u00eancia da Ind\u00fastria Mar\u00edtima.<\/p>\n<p>16 a 18 de agosto de 2022 no pavilh\u00e3o Expo Mag (ex-SulAm\u00e9rica), no Centro do Rio de Janeiro.<\/p>\n<p>Mais informa\u00e7\u00f5es sobre a confer\u00eancia:\u00a0<a href=\"https:\/\/www.navalshore.com.br\/pt\/conferencia\/conferencia-oficial\">https:\/\/www.navalshore.com.br\/pt\/conferencia\/conferencia-oficial<\/a><\/p>\n<p>Visita\u00e7\u00e3o \u2014 credenciamento gratuito em\u00a0<a href=\"https:\/\/inscricaoeletronica.app.br\/navalshore\/\">https:\/\/inscricaoeletronica.app.br\/navalshore\/<\/a><\/p>\n<p>Contato:\u00a0<a href=\"mailto:navalshore@navalshore.com.br\">navalshore@navalshore.com.br<\/a><\/p>\n<p>Website:\u00a0<a href=\"https:\/\/navalshore.com.br\/\">https:\/\/navalshore.com.br<\/a><\/p>\n<p>Fonte: Portos e Navios<\/p>\n","protected":false},"excerpt":{"rendered":"<p>A confer\u00eancia oficial da Navalshore ter\u00e1 este ano quatro pain\u00e9is, nos dois primeiros dias do evento. No dia 16 de agosto, o primeiro painel ser\u00e1&#8230;<\/p>\n","protected":false},"author":1527,"featured_media":40539,"comment_status":"closed","ping_status":"closed","sticky":false,"template":"","format":"standard","meta":{"footnotes":""},"categories":[6],"tags":[],"class_list":["post-40538","post","type-post","status-publish","format-standard","has-post-thumbnail","hentry","category-noticias"],"_links":{"self":[{"href":"https:\/\/www.sincomam.org.br\/index.php\/wp-json\/wp\/v2\/posts\/40538","targetHints":{"allow":["GET"]}}],"collection":[{"href":"https:\/\/www.sincomam.org.br\/index.php\/wp-json\/wp\/v2\/posts"}],"about":[{"href":"https:\/\/www.sincomam.org.br\/index.php\/wp-json\/wp\/v2\/types\/post"}],"author":[{"embeddable":true,"href":"https:\/\/www.sincomam.org.br\/index.php\/wp-json\/wp\/v2\/users\/1527"}],"replies":[{"embeddable":true,"href":"https:\/\/www.sincomam.org.br\/index.php\/wp-json\/wp\/v2\/comments?post=40538"}],"version-history":[{"count":1,"href":"https:\/\/www.sincomam.org.br\/index.php\/wp-json\/wp\/v2\/posts\/40538\/revisions"}],"predecessor-version":[{"id":40540,"href":"https:\/\/www.sincomam.org.br\/index.php\/wp-json\/wp\/v2\/posts\/40538\/revisions\/40540"}],"wp:featuredmedia":[{"embeddable":true,"href":"https:\/\/www.sincomam.org.br\/index.php\/wp-json\/wp\/v2\/media\/40539"}],"wp:attachment":[{"href":"https:\/\/www.sincomam.org.br\/index.php\/wp-json\/wp\/v2\/media?parent=40538"}],"wp:term":[{"taxonomy":"category","embeddable":true,"href":"https:\/\/www.sincomam.org.br\/index.php\/wp-json\/wp\/v2\/categories?post=40538"},{"taxonomy":"post_tag","embeddable":true,"href":"https:\/\/www.sincomam.org.br\/index.php\/wp-json\/wp\/v2\/tags?post=40538"}],"curies":[{"name":"wp","href":"https:\/\/api.w.org\/{rel}","templated":true}]}}