{"id":40494,"date":"2022-07-25T10:35:52","date_gmt":"2022-07-25T13:35:52","guid":{"rendered":"http:\/\/www.sincomam.org.br\/?p=40494"},"modified":"2022-07-25T10:35:52","modified_gmt":"2022-07-25T13:35:52","slug":"usp-e-marinha-do-brasil-renovam-acordo-de-cooperacao-academica","status":"publish","type":"post","link":"https:\/\/www.sincomam.org.br\/index.php\/usp-e-marinha-do-brasil-renovam-acordo-de-cooperacao-academica\/","title":{"rendered":"USP e Marinha do Brasil renovam acordo de coopera\u00e7\u00e3o acad\u00eamica"},"content":{"rendered":"<p>Em uma solenidade realizada nesta quinta-feira, dia 30 de junho, no Sal\u00e3o de Atos da Reitoria, a USP e a Marinha do Brasil assinaram a renova\u00e7\u00e3o do acordo de coopera\u00e7\u00e3o t\u00e9cnica entre as duas institui\u00e7\u00f5es para a promo\u00e7\u00e3o de ensino e de pesquisa.<\/p>\n<p>\u201cEsse \u00e9 um dos mais longevos e prof\u00edcuos conv\u00eanios da USP. \u00c9 uma parceria de duas institui\u00e7\u00f5es de Estado, unidas por objetivos comuns e para o benef\u00edcio da sociedade. O ventilador Inspire \u00e9 um bom exemplo disso. A USP procura, cada vez mais, firmar parcerias com outras institui\u00e7\u00f5es que possam contribuir para melhorar a vida das pessoas\u201d, afirmou o reitor Carlos Gilberto Carlotti Junior.<\/p>\n<p>A parceria da Universidade com a Marinha, que remonta ao ano de 1956, resultou na cria\u00e7\u00e3o do primeiro curso de Engenharia Naval do Pa\u00eds, oferecido pela Escola Polit\u00e9cnica (Poli), e em diversos projetos de pesquisa.<\/p>\n<p>\u201c\u00c9 uma grande honra assinar a renova\u00e7\u00e3o do acordo de coopera\u00e7\u00e3o com a USP, refor\u00e7ando essa parceria que presta um grande servi\u00e7o para o Brasil. Foram muitos os frutos que j\u00e1 tivemos, como a forma\u00e7\u00e3o dos primeiros engenheiros navais formados no Pa\u00eds e o desenvolvimento de embarca\u00e7\u00f5es e do nosso submarino nuclear. Agora, estamos trabalhando para implantar, de maneira in\u00e9dita, o primeiro curso de Engenharia Nuclear da USP\u201d, destacou o diretor de ensino da Marinha, vice-almirante Sergio Fernando de Amaral Chaves J\u00fanior.<\/p>\n<p>Tamb\u00e9m participaram da cerim\u00f4nia o chefe do Departamento de Engenharia Naval e Oce\u00e2nica, Bernardo Luis Rodrigues de Andrade, representando o diretor da Poli, Reinaldo Giudici; o diretor do Centro Tecnol\u00f3gico da Marinha em S\u00e3o Paulo (CTMSP), vice-almirante Guilherme Dion\u00edzio Alves; e o diretor do Centro de Coordena\u00e7\u00e3o de Estudos da Marinha em S\u00e3o Paulo, capit\u00e3o de mar e guerra Rafael de Abreu Gonz\u00e1lez.<\/p>\n<p>Parceria USP e Marinha<br \/>\nA parceria entre a USP e a Marinha do Brasil come\u00e7ou em 1956, quando a Marinha decidiu se associar a uma grande universidade para que suas pesquisas na \u00e1rea de ci\u00eancia e tecnologia fossem conduzidas por uma institui\u00e7\u00e3o acad\u00eamica civil.<\/p>\n<p>Esse acordo resultou na cria\u00e7\u00e3o do primeiro curso de Engenharia Naval do Pa\u00eds, oferecido pela Escola Polit\u00e9cnica. Ao todo, j\u00e1 foram formados mais de 500 oficiais engenheiros para a Marinha e cerca de 2 mil engenheiros navais civis.<\/p>\n<p>As pesquisas desenvolvidas em conjunto resultaram na incorpora\u00e7\u00e3o de inova\u00e7\u00f5es por parte da Marinha e de empresas que atuam no setor naval ou na regi\u00e3o oce\u00e2nica. Entre os avan\u00e7os obtidos est\u00e3o o desenvolvimento do primeiro computador brasileiro, o Patinho Feio, ainda no come\u00e7o da d\u00e9cada de 1970; a evolu\u00e7\u00e3o na \u00e1rea de constru\u00e7\u00e3o de reatores e seguran\u00e7a nuclear; o avan\u00e7o em automa\u00e7\u00e3o e controle promovido pelo desenvolvimento de inova\u00e7\u00f5es necess\u00e1rias para as fragatas e corvetas; e o conhecimento produzido pelo Tanque de Provas Num\u00e9rico (TPN) e sua estrutura de simula\u00e7\u00e3o.<\/p>\n<p>Durante a pandemia da covid-19, a Escola Polit\u00e9cnica e o Centro Tecnol\u00f3gico da Marinha em S\u00e3o Paulo uniram esfor\u00e7os para desenvolver e produzir o ventilador pulmonar Inspire. Em pouco mais de um ano, mil equipamentos foram produzidos e distribu\u00eddos para 219 cidades de 16 Estados brasileiros, inclusive com o envio de 40 unidades para a cidade de Manaus no auge da crise sanit\u00e1ria que acometeu o Estado do Amazonas, em janeiro de 2021.<\/p>\n<p>Fonte: Defesa em Foco<\/p>\n","protected":false},"excerpt":{"rendered":"<p>Em uma solenidade realizada nesta quinta-feira, dia 30 de junho, no Sal\u00e3o de Atos da Reitoria, a USP e a Marinha do Brasil assinaram a&#8230;<\/p>\n","protected":false},"author":1527,"featured_media":40495,"comment_status":"closed","ping_status":"closed","sticky":false,"template":"","format":"standard","meta":{"footnotes":""},"categories":[6],"tags":[],"class_list":["post-40494","post","type-post","status-publish","format-standard","has-post-thumbnail","hentry","category-noticias"],"_links":{"self":[{"href":"https:\/\/www.sincomam.org.br\/index.php\/wp-json\/wp\/v2\/posts\/40494","targetHints":{"allow":["GET"]}}],"collection":[{"href":"https:\/\/www.sincomam.org.br\/index.php\/wp-json\/wp\/v2\/posts"}],"about":[{"href":"https:\/\/www.sincomam.org.br\/index.php\/wp-json\/wp\/v2\/types\/post"}],"author":[{"embeddable":true,"href":"https:\/\/www.sincomam.org.br\/index.php\/wp-json\/wp\/v2\/users\/1527"}],"replies":[{"embeddable":true,"href":"https:\/\/www.sincomam.org.br\/index.php\/wp-json\/wp\/v2\/comments?post=40494"}],"version-history":[{"count":1,"href":"https:\/\/www.sincomam.org.br\/index.php\/wp-json\/wp\/v2\/posts\/40494\/revisions"}],"predecessor-version":[{"id":40496,"href":"https:\/\/www.sincomam.org.br\/index.php\/wp-json\/wp\/v2\/posts\/40494\/revisions\/40496"}],"wp:featuredmedia":[{"embeddable":true,"href":"https:\/\/www.sincomam.org.br\/index.php\/wp-json\/wp\/v2\/media\/40495"}],"wp:attachment":[{"href":"https:\/\/www.sincomam.org.br\/index.php\/wp-json\/wp\/v2\/media?parent=40494"}],"wp:term":[{"taxonomy":"category","embeddable":true,"href":"https:\/\/www.sincomam.org.br\/index.php\/wp-json\/wp\/v2\/categories?post=40494"},{"taxonomy":"post_tag","embeddable":true,"href":"https:\/\/www.sincomam.org.br\/index.php\/wp-json\/wp\/v2\/tags?post=40494"}],"curies":[{"name":"wp","href":"https:\/\/api.w.org\/{rel}","templated":true}]}}