{"id":40491,"date":"2022-07-25T10:17:02","date_gmt":"2022-07-25T13:17:02","guid":{"rendered":"http:\/\/www.sincomam.org.br\/?p=40491"},"modified":"2022-07-25T10:17:02","modified_gmt":"2022-07-25T13:17:02","slug":"secretario-do-ministerio-da-economia-explica-novos-acordos-do-mercosul","status":"publish","type":"post","link":"https:\/\/www.sincomam.org.br\/index.php\/secretario-do-ministerio-da-economia-explica-novos-acordos-do-mercosul\/","title":{"rendered":"SECRET\u00c1RIO DO MINIST\u00c9RIO DA ECONOMIA EXPLICA NOVOS ACORDOS DO MERCOSUL"},"content":{"rendered":"<p>Os l\u00edderes do Mercosul, reunidos no Paraguai, decidiram manter a redu\u00e7\u00e3o adicional de 10% da Tarifa Externa Comum, chamada TEC, at\u00e9 dezembro de 2023. A medida foi defendida pelo ministro da Economia, Paulo Guedes, e tamb\u00e9m foi fechado um acordo de livre-com\u00e9rcio entre o bloco dos pa\u00edses sul-americanos e Singapura, o que pode representar um adicional de R$ 28,1 bilh\u00f5es no Produto Interno Bruto (PIB) do Brasil at\u00e9 2041.<\/p>\n<p>Para falar sobre as movimenta\u00e7\u00f5es do Mercosul, o Jornal da Manh\u00e3, da Jovem Pan News, consultou o secret\u00e1rio de Com\u00e9rcio Exterior do Minist\u00e9rio da Economia, Lucas Ferraz, que inicialmente detalhou o hist\u00f3rico da economia brasileira no com\u00e9rcio internacional: \u201cO Brasil ainda \u00e9 um pa\u00eds muito carente de acordos comerciais. Temos uma rede de acordo comerciais ainda muito aqu\u00e9m do que seria esperado para um pa\u00eds com as dimens\u00f5es da economia brasileira. O Brasil, a despeito de ser a d\u00e9cima economia do mundo, tem uma participa\u00e7\u00e3o de apenas 1,3% no com\u00e9rcio internacional. O Brasil ainda est\u00e1 apenas entre os 25 a 30 maiores exportadores e importadores do mundo\u201d.<\/p>\n<p>De acordo com o secret\u00e1rio, os esfor\u00e7os para atingir uma maior inser\u00e7\u00e3o do Brasil no com\u00e9rcio internacional passa por dois eixos: a intensifica\u00e7\u00e3o da rede de acordos comerciais e a reforma da Tarifa Externa Comum. Com rela\u00e7\u00e3o \u00e0 TEC, Ferraz defendeu a redu\u00e7\u00e3o: \u201cA TEC foi criada em 1995 e nunca foi reduzida. O Mercosul hoje \u00e9 um bloco que tem tarifas de importa\u00e7\u00e3o muito acima da m\u00e9dia mundial, entre as maiores tarifas de importa\u00e7\u00e3o do mundo. E isso acarreta em uma baixa competitividade do setor privado brasileiro\u201d.<\/p>\n<p>\u201cForam mais de 400 acordos comerciais formalizados no \u00e2mbito da Organiza\u00e7\u00e3o Mundial do Com\u00e9rcio (OMC) apenas nos \u00faltimos 30 anos. E, no Brasil, basicamente nos \u00faltimos 30 anos o \u00fanico acordo significativo formalizado foi o pr\u00f3prio Mercosul\u201d, criticou. Para o especialista, o acordo com Singapura, que representa o primeiro acordo de livre-com\u00e9rcio entre o Mercosul e um pa\u00eds da regi\u00e3o asi\u00e1tica, \u00e9 um importante avan\u00e7o na inser\u00e7\u00e3o internacional da economia brasileira.<\/p>\n<p>Ferraz projeta que a aproxima\u00e7\u00e3o com Singapura pode gerar v\u00ednculos internacionais para al\u00e9m da \u00c1sia: \u201cSingapura, pouca gente sabe, \u00e9 o segundo maior destino das exporta\u00e7\u00f5es brasileiras na \u00c1sia, depois da China. N\u00f3s exportamos em 2021, para Singapura, mais do que n\u00f3s exportamos para o Jap\u00e3o, Coreia do Sul, Canad\u00e1 e M\u00e9xico, que s\u00e3o parceiros comerciais importantes do Brasil. Singapura tamb\u00e9m \u00e9 uma fonte de investimentos externos diretos, grande receptor desses investimentos\u201d.<\/p>\n<p>\u201cE, mais importante ainda, \u00e9 um pa\u00eds conectado a 27 acordos comerciais. O que significa isso? Singapura \u00e9 um pa\u00eds conectado a 90% do PIB mundial, ou seja, ele tem acesso preferencial em suas exporta\u00e7\u00f5es a 90% do PIB mundial, significando que ele pode servir como um hub de exporta\u00e7\u00e3o para o Brasil e para os pa\u00edses do Mercosul. Isso porque, uma vez que voc\u00ea exporta para Singapura, automaticamente voc\u00ea tem o acesso preferencial a 90% do PIB global\u201d, explicou.<\/p>\n<p>Fonte:Jovem Pan<\/p>\n","protected":false},"excerpt":{"rendered":"<p>Os l\u00edderes do Mercosul, reunidos no Paraguai, decidiram manter a redu\u00e7\u00e3o adicional de 10% da Tarifa Externa Comum, chamada TEC, at\u00e9 dezembro de 2023. A&#8230;<\/p>\n","protected":false},"author":1527,"featured_media":40492,"comment_status":"closed","ping_status":"closed","sticky":false,"template":"","format":"standard","meta":{"footnotes":""},"categories":[6],"tags":[],"class_list":["post-40491","post","type-post","status-publish","format-standard","has-post-thumbnail","hentry","category-noticias"],"_links":{"self":[{"href":"https:\/\/www.sincomam.org.br\/index.php\/wp-json\/wp\/v2\/posts\/40491","targetHints":{"allow":["GET"]}}],"collection":[{"href":"https:\/\/www.sincomam.org.br\/index.php\/wp-json\/wp\/v2\/posts"}],"about":[{"href":"https:\/\/www.sincomam.org.br\/index.php\/wp-json\/wp\/v2\/types\/post"}],"author":[{"embeddable":true,"href":"https:\/\/www.sincomam.org.br\/index.php\/wp-json\/wp\/v2\/users\/1527"}],"replies":[{"embeddable":true,"href":"https:\/\/www.sincomam.org.br\/index.php\/wp-json\/wp\/v2\/comments?post=40491"}],"version-history":[{"count":1,"href":"https:\/\/www.sincomam.org.br\/index.php\/wp-json\/wp\/v2\/posts\/40491\/revisions"}],"predecessor-version":[{"id":40493,"href":"https:\/\/www.sincomam.org.br\/index.php\/wp-json\/wp\/v2\/posts\/40491\/revisions\/40493"}],"wp:featuredmedia":[{"embeddable":true,"href":"https:\/\/www.sincomam.org.br\/index.php\/wp-json\/wp\/v2\/media\/40492"}],"wp:attachment":[{"href":"https:\/\/www.sincomam.org.br\/index.php\/wp-json\/wp\/v2\/media?parent=40491"}],"wp:term":[{"taxonomy":"category","embeddable":true,"href":"https:\/\/www.sincomam.org.br\/index.php\/wp-json\/wp\/v2\/categories?post=40491"},{"taxonomy":"post_tag","embeddable":true,"href":"https:\/\/www.sincomam.org.br\/index.php\/wp-json\/wp\/v2\/tags?post=40491"}],"curies":[{"name":"wp","href":"https:\/\/api.w.org\/{rel}","templated":true}]}}