{"id":40461,"date":"2022-07-22T09:04:10","date_gmt":"2022-07-22T12:04:10","guid":{"rendered":"http:\/\/www.sincomam.org.br\/?p=40461"},"modified":"2022-07-22T09:04:10","modified_gmt":"2022-07-22T12:04:10","slug":"paineis-da-expo-um-porto-para-o-futuro-estao-com-inscricoes-abertas-e-gratuitas","status":"publish","type":"post","link":"https:\/\/www.sincomam.org.br\/index.php\/paineis-da-expo-um-porto-para-o-futuro-estao-com-inscricoes-abertas-e-gratuitas\/","title":{"rendered":"PAIN\u00c9IS DA EXPO \u201cUM PORTO PARA O FUTURO\u201d EST\u00c3O COM INSCRI\u00c7\u00d5ES ABERTAS E GRATUITAS"},"content":{"rendered":"<p>O Porto de Santos estar\u00e1 de portas abertas \u00e0 comunidade da Baixada Santista e regi\u00e3o para acolher uma programa\u00e7\u00e3o recheada de debates, exposi\u00e7\u00f5es de tecnologias e muitas outras atividades, nos pr\u00f3ximos dias 30 e de 31 de julho, no Terminal Mar\u00edtimo de Passageiros (Concais).<br \/>\nEm paralelo e em adi\u00e7\u00e3o \u00e0 2\u00aa edi\u00e7\u00e3o da maratona conhecida como Porto Hack Santos, que vai propor solu\u00e7\u00f5es tecnol\u00f3gicas comunit\u00e1rias para os setores portu\u00e1rio e de com\u00e9rcio exterior, a EXPO \u201cUm Porto para o Futuro\u201d prev\u00ea pain\u00e9is, com a participa\u00e7\u00e3o de lideran\u00e7as femininas de todo o Pa\u00eds, para discutir empregabilidade nos portos, a rela\u00e7\u00e3o porto-cidade e inova\u00e7\u00e3o tecnol\u00f3gica, entre outros temas.<br \/>\nO projeto, organizado pelo Instituto AmiGU, reunir\u00e1, pela primeira vez, o debate sobre porto, com\u00e9rcio exterior e inova\u00e7\u00e3o, com base nos conceitos \u201cinova\u00e7\u00e3o\u201d, \u201cinclus\u00e3o sociodigital\u201d e \u201cequidade de g\u00eanero\u201d. Por isso, a meta \u00e9 que todas as atividades, abertas e gratuitas, tenham a participa\u00e7\u00e3o de pelo menos 50% de mulheres.<\/p>\n<p>Segundo Angelino Caputo, diretor-executivo da ABTRA, entidade promotora do evento, \u201cA ideia \u00e9 aproximar a comunidade local do maior complexo portu\u00e1rio do Pa\u00eds e agitar a regi\u00e3o em torno da transforma\u00e7\u00e3o digital. Ser\u00e1 um fim de semana diferente. Um olhar para o futuro\u201d.<\/p>\n<p><strong>PAIN\u00c9IS<\/strong> \u2013 A programa\u00e7\u00e3o intensa da EXPO ter\u00e1 seis debates in\u00e9ditos de autoridades, executivos e trabalhadores locais. Esses pain\u00e9is ser\u00e3o compostos preferencialmente por mulheres, com atua\u00e7\u00e3o destacada no setor, entre as quais: a diretora da ANTAQ, Fl\u00e1via Takafashi; a diretora-executiva do Instituto Praticagem do Brasil, Jacqueline Wendpap; a coordenadora-geral de Gest\u00e3o de Portos SNPTA\/MINFRA, Fernanda Machado; a VP e fundadora do HUB Mulheres no COMEX, Carolina Marchioli; a fundadora do Juicy Hub, Ludmilla Rossi; a gerente jur\u00eddica da EMAP\/Porto do Itaqui, Gabriela Heckler; a gerente de marketplace do Magazine Luiza, Fl\u00e1via Marcon; e a CIO da Cisa Trading, Beatriz Rinn.<\/p>\n<p>A abertura acontecer\u00e1 no s\u00e1bado (30\/7), \u00e0s 13h30, com uma palestra da CEO do Juicyhub, Ludmilla Rossi, sobre \u201cConectividade Exponencial\u201d. Ela abordar\u00e1 como a inova\u00e7\u00e3o social pode acolher mulheres na nova economia em torno dos desafios di\u00e1rios (oportunidades, viol\u00eancia e preconceito).<\/p>\n<p>Em seguida, \u00e0s 15h15, a roda de conversas \u201c#PortoHackDelas\u201d contar\u00e1 a trajet\u00f3ria de mulheres protagonistas nos portos com foco em uma agenda de inclus\u00e3o na gest\u00e3o, opera\u00e7\u00e3o e tecnologia no setor portu\u00e1rio.<\/p>\n<p>\u00c0s 17 horas, o painel \u201cUm Porto para todos\u201d encerrar\u00e1 o programa do dia com a discuss\u00e3o da import\u00e2ncia da aproxima\u00e7\u00e3o das cidades com os portos uma vez que eles movimentam 90% de todas as mercadorias importadas e exportadas pelo Brasil.<\/p>\n<p>No domingo (31\/7), a programa\u00e7\u00e3o come\u00e7a mais cedo, \u00e0s 10 horas, com o painel \u201cEmpregabilidade\u201d para tratar dos caminhos e estrat\u00e9gias para conquistar um espa\u00e7o no mercado de trabalho. O tema \u00e9 oportuno, pois os terminais e recintos alfandegados do Porto de Santos s\u00e3o respons\u00e1veis pela contrata\u00e7\u00e3o de parte da popula\u00e7\u00e3o e mant\u00eam comunica\u00e7\u00e3o direta com a comunidade, por meio de a\u00e7\u00f5es sociais, de capacita\u00e7\u00e3o, de sustentabilidade e preserva\u00e7\u00e3o do meio ambiente.<\/p>\n<p>Logo ap\u00f3s, \u00e0s 11h45, a mesa redonda \u201cTransforma\u00e7\u00e3o digital\u201d elencar\u00e1 as oportunidades e os riscos da transforma\u00e7\u00e3o digital para a sociedade e trar\u00e1 uma perspectiva sobre o futuro da digitaliza\u00e7\u00e3o das atividades.<\/p>\n<p>O \u00faltimo painel, \u00e0s 14h30, sobre \u201cInclus\u00e3o sociodigital\u201d, vai analisar a participa\u00e7\u00e3o das empresas e institui\u00e7\u00f5es nessa \u00e1rea e apresentar as propostas das duas oficinas de inclus\u00e3o sociodigital para os jovens de baixa renda da comunidade introduzindo-os no mercado portu\u00e1rio e no campo da tecnologia.<\/p>\n<p>Al\u00e9m disso, as empresas de tecnologia apoiadoras do evento far\u00e3o exposi\u00e7\u00f5es para a comunidade sobre tecnologias de \u00faltima gera\u00e7\u00e3o, como Intelig\u00eancia Artificial, 5G, rob\u00f3tica avan\u00e7ada, blockchain, Internet das Coisas e poder computacional. O objetivo \u00e9 conectar a sociedade aos portos e \u00e0 tecnologia.<\/p>\n<p>Tudo isso vai acontecer ao mesmo tempo em que 50 competidores, divididos em dez times, estar\u00e3o no Porto Hack Santos enfrentado dois desafios definidos pela comunidade portu\u00e1ria.<\/p>\n<p><strong>EMBARQUE NESSA FESTA!<\/strong> \u2013 A previs\u00e3o \u00e9 que cerca de 500 pessoas participem presencialmente das atividades ao longo desse final de semana, as quais tamb\u00e9m poder\u00e3o ser acompanhadas pela internet. \u201cToda a comunidade de portos, log\u00edstica e com\u00e9rcio exterior, especialmente as mulheres, al\u00e9m dos moradores da Baixada Santista, ser\u00e3o muito bem-vindos a essa grande festa de inova\u00e7\u00e3o\u201d, convida Marco Riveiros, CEO e fundador do Instituto AmiGU, respons\u00e1vel pela organiza\u00e7\u00e3o do projeto.<\/p>\n<p>O site <a href=\"http:\/\/www.umportoparaofuturo.org.br\">www.umportoparaofuturo.org.br<\/a> traz a programa\u00e7\u00e3o completa.<\/p>\n<p>PARA PARTICIPAR \u00c9 PRECISO SE INSCREVER! \u2013 As inscri\u00e7\u00f5es est\u00e3o dispon\u00edveis em: https:\/\/www.eventbrite.com\/cc\/expo-um-porto-para-o-futuro-561919?utm-campaign=social&#038;utm-content=attendeeshare&#038;utm-medium=discovery&#038;utm-term=odclsxcollection&#038;utm-source=cp&#038;aff=odclsxcollection. Vem com a gente construir um porto para o futuro!<\/p>\n<p><strong>Servi\u00e7o:<\/strong><br \/>\n2\u00aa edi\u00e7\u00e3o do Porto Hack Santos<br \/>\nEvento h\u00edbrido<br \/>\nData: 30 e 31 de julho de 2022<br \/>\nLocal: Terminal Mar\u00edtimo de Passageiros (Concais) \u2013 Armaz\u00e9m 25 Interno do Porto de Santos<br \/>\nMais informa\u00e7\u00f5es e programa\u00e7\u00e3o: https:\/\/www.portohacksantos.com.br\/ e https:\/\/www.umportoparaofuturo.org.br\/.<\/p>\n","protected":false},"excerpt":{"rendered":"<p>O Porto de Santos estar\u00e1 de portas abertas \u00e0 comunidade da Baixada Santista e regi\u00e3o para acolher uma programa\u00e7\u00e3o recheada de debates, exposi\u00e7\u00f5es de tecnologias&#8230;<\/p>\n","protected":false},"author":1527,"featured_media":40462,"comment_status":"closed","ping_status":"closed","sticky":false,"template":"","format":"standard","meta":{"footnotes":""},"categories":[6],"tags":[],"class_list":["post-40461","post","type-post","status-publish","format-standard","has-post-thumbnail","hentry","category-noticias"],"_links":{"self":[{"href":"https:\/\/www.sincomam.org.br\/index.php\/wp-json\/wp\/v2\/posts\/40461","targetHints":{"allow":["GET"]}}],"collection":[{"href":"https:\/\/www.sincomam.org.br\/index.php\/wp-json\/wp\/v2\/posts"}],"about":[{"href":"https:\/\/www.sincomam.org.br\/index.php\/wp-json\/wp\/v2\/types\/post"}],"author":[{"embeddable":true,"href":"https:\/\/www.sincomam.org.br\/index.php\/wp-json\/wp\/v2\/users\/1527"}],"replies":[{"embeddable":true,"href":"https:\/\/www.sincomam.org.br\/index.php\/wp-json\/wp\/v2\/comments?post=40461"}],"version-history":[{"count":1,"href":"https:\/\/www.sincomam.org.br\/index.php\/wp-json\/wp\/v2\/posts\/40461\/revisions"}],"predecessor-version":[{"id":40463,"href":"https:\/\/www.sincomam.org.br\/index.php\/wp-json\/wp\/v2\/posts\/40461\/revisions\/40463"}],"wp:featuredmedia":[{"embeddable":true,"href":"https:\/\/www.sincomam.org.br\/index.php\/wp-json\/wp\/v2\/media\/40462"}],"wp:attachment":[{"href":"https:\/\/www.sincomam.org.br\/index.php\/wp-json\/wp\/v2\/media?parent=40461"}],"wp:term":[{"taxonomy":"category","embeddable":true,"href":"https:\/\/www.sincomam.org.br\/index.php\/wp-json\/wp\/v2\/categories?post=40461"},{"taxonomy":"post_tag","embeddable":true,"href":"https:\/\/www.sincomam.org.br\/index.php\/wp-json\/wp\/v2\/tags?post=40461"}],"curies":[{"name":"wp","href":"https:\/\/api.w.org\/{rel}","templated":true}]}}