{"id":40452,"date":"2022-07-21T09:07:29","date_gmt":"2022-07-21T12:07:29","guid":{"rendered":"http:\/\/www.sincomam.org.br\/?p=40452"},"modified":"2022-07-21T09:07:29","modified_gmt":"2022-07-21T12:07:29","slug":"mais-de-2-mil-embarcacoes-sao-inspecionadas-no-para-durante-a-operacao-verao-amazonico","status":"publish","type":"post","link":"https:\/\/www.sincomam.org.br\/index.php\/mais-de-2-mil-embarcacoes-sao-inspecionadas-no-para-durante-a-operacao-verao-amazonico\/","title":{"rendered":"Mais de 2 mil embarca\u00e7\u00f5es s\u00e3o inspecionadas no Par\u00e1 durante a Opera\u00e7\u00e3o Ver\u00e3o Amaz\u00f4nico"},"content":{"rendered":"<p>At\u00e9 o dia 31 de julho, a Marinha do Brasil coordena a Opera\u00e7\u00e3o Ver\u00e3o Amaz\u00f4nico 2022 com 105 militares fiscalizando a seguran\u00e7a do transporte de pessoas e de cargas no Par\u00e1. At\u00e9 agora, a Capitania dos Portos da Amaz\u00f4nia Oriental contabiliza 2.006 embarca\u00e7\u00f5es inspecionadas, das quais 20 foram apreendidas, al\u00e9m de 95 notifica\u00e7\u00f5es e cinco inqu\u00e9ritos administrativos instaurados.<\/p>\n<p>Equipes de Inspetores Navais est\u00e3o atuando na capital paraense no Distrito de Icoaraci, na Av. Bernardo Say\u00e3o, na Pra\u00e7a Princesa Isabel e no Terminal Hidrovi\u00e1rio de Bel\u00e9m. J\u00e1 no interior do estado, a atua\u00e7\u00e3o est\u00e1 sendo em Marud\u00e1, Salin\u00f3polis, Altamira, Tucuru\u00ed e Marab\u00e1. A opera\u00e7\u00e3o tem o objetivo de assegurar a salvaguarda da vida humana no mar, rios e lagos, al\u00e9m da seguran\u00e7a da navega\u00e7\u00e3o e a preven\u00e7\u00e3o da polui\u00e7\u00e3o h\u00eddrica gerada pelas embarca\u00e7\u00f5es.<\/p>\n<p>De acordo com o Capit\u00e3o dos Portos da Amaz\u00f4nia Oriental, Capit\u00e3o de Mar e Guerra Andr\u00e9 Lu\u00eds Martini Vieira, durante o ver\u00e3o amaz\u00f4nico, os inspetores navais fazem verifica\u00e7\u00e3o da capacidade de lota\u00e7\u00e3o de passageiros nas embarca\u00e7\u00f5es, transporte de carga e ferryboats, analisando se est\u00e3o em condi\u00e7\u00f5es de seguran\u00e7a para a popula\u00e7\u00e3o.<\/p>\n<p>\u201cEm per\u00edodos como esse, a opera\u00e7\u00e3o refor\u00e7a a fiscaliza\u00e7\u00e3o das embarca\u00e7\u00f5es que transportam pessoas que est\u00e3o em passeio, por exemplo. Visamos reduzir os acidentes nos rios da regi\u00e3o. Paralelamente a esse controle, promovemos a\u00e7\u00f5es educativas para orientar a popula\u00e7\u00e3o sobre seguran\u00e7a da navega\u00e7\u00e3o\u201d, afirmou.<\/p>\n<p>Fonte: Defesa em Foco<\/p>\n","protected":false},"excerpt":{"rendered":"<p>At\u00e9 o dia 31 de julho, a Marinha do Brasil coordena a Opera\u00e7\u00e3o Ver\u00e3o Amaz\u00f4nico 2022 com 105 militares fiscalizando a seguran\u00e7a do transporte de&#8230;<\/p>\n","protected":false},"author":1527,"featured_media":40454,"comment_status":"closed","ping_status":"closed","sticky":false,"template":"","format":"standard","meta":{"footnotes":""},"categories":[6],"tags":[],"class_list":["post-40452","post","type-post","status-publish","format-standard","has-post-thumbnail","hentry","category-noticias"],"_links":{"self":[{"href":"https:\/\/www.sincomam.org.br\/index.php\/wp-json\/wp\/v2\/posts\/40452","targetHints":{"allow":["GET"]}}],"collection":[{"href":"https:\/\/www.sincomam.org.br\/index.php\/wp-json\/wp\/v2\/posts"}],"about":[{"href":"https:\/\/www.sincomam.org.br\/index.php\/wp-json\/wp\/v2\/types\/post"}],"author":[{"embeddable":true,"href":"https:\/\/www.sincomam.org.br\/index.php\/wp-json\/wp\/v2\/users\/1527"}],"replies":[{"embeddable":true,"href":"https:\/\/www.sincomam.org.br\/index.php\/wp-json\/wp\/v2\/comments?post=40452"}],"version-history":[{"count":1,"href":"https:\/\/www.sincomam.org.br\/index.php\/wp-json\/wp\/v2\/posts\/40452\/revisions"}],"predecessor-version":[{"id":40455,"href":"https:\/\/www.sincomam.org.br\/index.php\/wp-json\/wp\/v2\/posts\/40452\/revisions\/40455"}],"wp:featuredmedia":[{"embeddable":true,"href":"https:\/\/www.sincomam.org.br\/index.php\/wp-json\/wp\/v2\/media\/40454"}],"wp:attachment":[{"href":"https:\/\/www.sincomam.org.br\/index.php\/wp-json\/wp\/v2\/media?parent=40452"}],"wp:term":[{"taxonomy":"category","embeddable":true,"href":"https:\/\/www.sincomam.org.br\/index.php\/wp-json\/wp\/v2\/categories?post=40452"},{"taxonomy":"post_tag","embeddable":true,"href":"https:\/\/www.sincomam.org.br\/index.php\/wp-json\/wp\/v2\/tags?post=40452"}],"curies":[{"name":"wp","href":"https:\/\/api.w.org\/{rel}","templated":true}]}}