{"id":40449,"date":"2022-07-21T08:49:32","date_gmt":"2022-07-21T11:49:32","guid":{"rendered":"http:\/\/www.sincomam.org.br\/?p=40449"},"modified":"2022-07-21T08:49:32","modified_gmt":"2022-07-21T11:49:32","slug":"novo-delegado-da-capitania-dos-portos-de-itajai-visita-superintendencia","status":"publish","type":"post","link":"https:\/\/www.sincomam.org.br\/index.php\/novo-delegado-da-capitania-dos-portos-de-itajai-visita-superintendencia\/","title":{"rendered":"NOVO DELEGADO DA CAPITANIA DOS PORTOS DE ITAJA\u00cd VISITA SUPERINTEND\u00caNCIA"},"content":{"rendered":"<p>Com o objetivo de conhecer as estruturas que o Porto de Itaja\u00ed oferece, atrav\u00e9s do Complexo Portu\u00e1rio de Itaja\u00ed e Navegantes, nesta segunda-feira, 18, militares da Marinha do Brasil estiveram na sede da Superintend\u00eancia.<\/p>\n<p>Na oportunidade, o Capit\u00e3o de Fragata, Eduardo Rodrigues de Paula, que responde at\u00e9 o final deste m\u00eas pela Delegacia da Capitania dos Portos de Itaja\u00ed, solicitou um encontro com os representantes da superintend\u00eancia (Autoridade Portu\u00e1ria), para apresentar seu mais novo substituto e convidar o efetivo da superintend\u00eancia para a cerim\u00f4nia de passagem e troca de dire\u00e7\u00e3o da Marinha local.<\/p>\n<p>O mais novo Delegado da Capitania dos Portos de Itaja\u00ed, Capit\u00e3o de Fragata \u2013 Eduardo Rodrigues de Lima, estar\u00e1 \u00e0 frente da Marinha em Itaja\u00ed, a partir do dia 29, p\u00f3s solenidade na sede da Capitania em Itaja\u00ed.<\/p>\n<p>As autoridades da Marinha foram recepcionadas pelo Superintendente do Porto de Itaja\u00ed, F\u00e1bio da Veiga, o Diretor Geral de Administra\u00e7\u00e3o e Finan\u00e7as, Ronaldo Camargo Souza, e o Diretor Geral de Engenharia, Jucelino dos Santos Sora.<\/p>\n<p>Inicialmente, o Superintendente F\u00e1bio da Veiga, fez uma apresenta\u00e7\u00e3o geral do Complexo Portu\u00e1rio de Itaja\u00ed e Navegantes e nela destacou pontos relevantes sobre o hist\u00f3rico do Porto e as diversas a\u00e7\u00f5es estruturantes realizadas nos \u00faltimos anos e principalmente desta atual gest\u00e3o.<\/p>\n<p>Entre os principais assuntos citados aos militares, destaque para os avan\u00e7os e estat\u00edsticas que o Porto de Itaja\u00ed vem apesentando no atual cen\u00e1rio econ\u00f4mico do Estado de Santa Catarina e Brasil, trabalhos de dragagem de restabelecimento de aprofundamento do canal de acesso ao complexo (14 metros), giros na \u00e1rea da nova Bacia de Evolu\u00e7\u00e3o, pr\u00f3ximo de alcan\u00e7ar 1000 giros, e, respectivamente sobre as manobras especiais com navios de at\u00e9 350 metros de comprimento (navio APL PARIS em junho de 2020), maior navio a navegar na costa brasileira no complexo local), readequa\u00e7\u00e3o de acesso aquavi\u00e1rio, hist\u00f3rico de Delega\u00e7\u00e3o do porto, a busca pela atual situa\u00e7\u00e3o de Manuten\u00e7\u00e3o da Autoridade Portu\u00e1ria P\u00fablica Municipal junto ao MINFRA, Sinaliza\u00e7\u00e3o N\u00e1utica, estrutura de cais (ber\u00e7os 03 e 04 realinhados e refor\u00e7ados), plano estrat\u00e9gico de expans\u00e3o portu\u00e1ria, melhorias e infraestrutura, resultados operacionais do complexo e hist\u00f3rico de movimenta\u00e7\u00e3o (cont\u00eaineres), import\u00e2ncia da atividade portu\u00e1ria local para o cen\u00e1rio econ\u00f4mico de Santa Catarina e Brasil, enfrentamento e combate ao surto global de COVID-19 (Coronav\u00edrus), realizado nos  \u00faltimos dois anos, entre outros t\u00f3picos.<\/p>\n<p>O Superintendente do Porto de Itaja\u00ed, F\u00e1bio da Veiga destacou atrav\u00e9s da Autoridade Portu\u00e1ria, a \u00f3tima rela\u00e7\u00e3o que sempre teve com a Delegacia da Capitania dos Portos de Itaja\u00ed (Marinha do Brasil), e agradeceu pelo auxilio que sempre tiveram, principalmente durante o per\u00edodo em que o atual Delegado da Capitania local, Eduardo Rodrigues de Paula, esteve \u00e0 frente da Autoridade Mar\u00edtima em Itaja\u00ed, e, tamb\u00e9m colocou \u00e0 disposi\u00e7\u00e3o do novo Delegado, Eduardo Rodrigues de Lima, todo o efetivo e apoio para valorizar e aproximar ainda mais a rela\u00e7\u00e3o de trabalho entre os \u00f3rg\u00e3os:<\/p>\n<p>\u201cEssa rela\u00e7\u00e3o entre Autoridade Portu\u00e1ria e Autoridade Mar\u00edtima \u00e9 fundamental para que o Complexo Portu\u00e1rio de Itaja\u00ed e Navegantes amplie suas atividades e evolua de forma harm\u00f4nica. Um gerenciamento que serve para melhorar e somar os esfor\u00e7os entre os \u00f3rg\u00e3os intervenientes. Dessa forma, h\u00e1 uma melhora da acessibilidade \u00e0s embarca\u00e7\u00f5es, colaborando no trafego mar\u00edtimo, bem como em qualquer tipo de projeto que envolva a amplia\u00e7\u00e3o das a\u00e7\u00f5es de \u00e2mbito mar\u00edtimo. Agradecemos, ent\u00e3o, ao trabalho do Delegado Eduardo de Paula pelos seus esfor\u00e7os junto \u00e0 Autoridade Mar\u00edtima, e damos boas-vindas ao novo delegado, Eduardo Lima, com orienta\u00e7\u00f5es a respeito das dimens\u00f5es do complexo, suas rela\u00e7\u00f5es com as atividades desempenhadas pela marinha, e suas pr\u00f3ximas possibilidades enquanto futuro comandante\u201d, pontua F\u00e1bio.   <\/p>\n<p>Uma forte caracter\u00edstica da Superintend\u00eancia do Porto de Itaja\u00ed, sempre foi o bom di\u00e1logo com todos os envolvidos que atuam junto ao porto e complexo num todo. Assim como a Marinha do Brasil, o respeito e reconhecimento por sua intensa atua\u00e7\u00e3o em Itaja\u00ed ao longo de d\u00e9cadas, demonstra o comprometimento em atuar juntos, como Autoridade Portu\u00e1ria integrada \u00e0 Autoridade Mar\u00edtima, tanto local, como no Estado. A seguran\u00e7a de navega\u00e7\u00e3o \u00e9 primordial em diversas atividades voltadas para o complexo portu\u00e1rio de Itaja\u00ed e Navegantes.<\/p>\n<p>Ocupando o cargo de Delegado da Capitania dos Portos de Itaja\u00ed at\u00e9 o pr\u00f3ximo dia 29 de julho, o Capit\u00e3o de Fragata Eduardo Rodrigues de Paula agradeceu a todos pelo per\u00edodo de mais de dois anos em que esteve em Itaja\u00ed, e contou seu novo destino.<\/p>\n<p>\u201cAssumi no dia 10 de julho, e agora irei para o Rio de Janeiro, servir a Diretoria Geral Pessoal da Marinha do Brasil. As atividades no munic\u00edpio de Itaja\u00ed valeram muito a pena, apesar dos problemas acarretados pela pandemia.  Seria ainda melhor se n\u00e3o tivesse a covid-19. J\u00e1 estou com saudades aqui do munic\u00edpio de Itaja\u00ed \u201c, comentou Eduardo de Paula.<\/p>\n<p>O novo Delegado da Capitania dos Portos de Itaja\u00ed, Capit\u00e3o de Fragata Eduardo Rodrigues de Lima serve a Marinha h\u00e1 vinte e oito anos, e vem de Niter\u00f3i, da sede da Esquadra Brasileira, na condi\u00e7\u00e3o de encarregado de navega\u00e7\u00e3o do Navio Escola Brasil, atuando ainda por quatro meses na For\u00e7a de Superf\u00edcie, como assessor. De acordo com sua metodologia de trabalho, dar\u00e1 sequ\u00eancia ao que vinha sendo realizado junto \u00e0 atividade mar\u00edtima, sempre envolvida com a Autoridade Portu\u00e1ria e complexo portu\u00e1rio como um todo:<\/p>\n<p>\u201cMinha expectativa \u00e9 de um trabalho muito prof\u00edcuo sobretudo na rela\u00e7\u00e3o com a Autoridade Portu\u00e1ria. Acompanhamos, detalhadamente, as proje\u00e7\u00f5es e os progn\u00f3sticos positivos do Porto de Itaja\u00ed para crescimento e isso resulta diretamente no aumento do Produto interno Bruto (PIB) percapta e do \u00cdndice de Desenvolvimento Humano da cidade (IDH). Sem d\u00favida alguma, o papel da Autoridade Mar\u00edtima, de dentro da sua jurisdi\u00e7\u00e3o, vai ser de compartilhar com o Porto de Itaja\u00ed as atividades que s\u00e3o em comum e contribuir para o desenvolvimento do munic\u00edpio\u201d, conclui o novo Delegado Eduardo Rodrigues de Lima.<\/p>\n<p>Ao t\u00e9rmino da reuni\u00e3o, todos os participantes registraram o encontro com a entrega de livros que contam a trajet\u00f3ria e hist\u00f3rico do Porto de Itaja\u00ed.<\/p>\n<p>Fonte: Informativo dos Portos<\/p>\n","protected":false},"excerpt":{"rendered":"<p>Com o objetivo de conhecer as estruturas que o Porto de Itaja\u00ed oferece, atrav\u00e9s do Complexo Portu\u00e1rio de Itaja\u00ed e Navegantes, nesta segunda-feira, 18, militares&#8230;<\/p>\n","protected":false},"author":1527,"featured_media":40450,"comment_status":"closed","ping_status":"closed","sticky":false,"template":"","format":"standard","meta":{"footnotes":""},"categories":[6],"tags":[],"class_list":["post-40449","post","type-post","status-publish","format-standard","has-post-thumbnail","hentry","category-noticias"],"_links":{"self":[{"href":"https:\/\/www.sincomam.org.br\/index.php\/wp-json\/wp\/v2\/posts\/40449","targetHints":{"allow":["GET"]}}],"collection":[{"href":"https:\/\/www.sincomam.org.br\/index.php\/wp-json\/wp\/v2\/posts"}],"about":[{"href":"https:\/\/www.sincomam.org.br\/index.php\/wp-json\/wp\/v2\/types\/post"}],"author":[{"embeddable":true,"href":"https:\/\/www.sincomam.org.br\/index.php\/wp-json\/wp\/v2\/users\/1527"}],"replies":[{"embeddable":true,"href":"https:\/\/www.sincomam.org.br\/index.php\/wp-json\/wp\/v2\/comments?post=40449"}],"version-history":[{"count":1,"href":"https:\/\/www.sincomam.org.br\/index.php\/wp-json\/wp\/v2\/posts\/40449\/revisions"}],"predecessor-version":[{"id":40451,"href":"https:\/\/www.sincomam.org.br\/index.php\/wp-json\/wp\/v2\/posts\/40449\/revisions\/40451"}],"wp:featuredmedia":[{"embeddable":true,"href":"https:\/\/www.sincomam.org.br\/index.php\/wp-json\/wp\/v2\/media\/40450"}],"wp:attachment":[{"href":"https:\/\/www.sincomam.org.br\/index.php\/wp-json\/wp\/v2\/media?parent=40449"}],"wp:term":[{"taxonomy":"category","embeddable":true,"href":"https:\/\/www.sincomam.org.br\/index.php\/wp-json\/wp\/v2\/categories?post=40449"},{"taxonomy":"post_tag","embeddable":true,"href":"https:\/\/www.sincomam.org.br\/index.php\/wp-json\/wp\/v2\/tags?post=40449"}],"curies":[{"name":"wp","href":"https:\/\/api.w.org\/{rel}","templated":true}]}}