{"id":40419,"date":"2022-07-20T07:11:30","date_gmt":"2022-07-20T10:11:30","guid":{"rendered":"http:\/\/www.sincomam.org.br\/?p=40419"},"modified":"2022-07-20T07:11:30","modified_gmt":"2022-07-20T10:11:30","slug":"crise-nos-oceanos-exige-conhecimento-multissetorial","status":"publish","type":"post","link":"https:\/\/www.sincomam.org.br\/index.php\/crise-nos-oceanos-exige-conhecimento-multissetorial\/","title":{"rendered":"Crise nos oceanos exige conhecimento multissetorial"},"content":{"rendered":"<p>Aquecimento global, descarte de lixo e falta de conhecimento est\u00e3o entre os principais desafios para a sobreviv\u00eancia oce\u00e2nica e para seu papel como grande sumidouro de emiss\u00f5es globais de carbono. O tema, debatido na Confer\u00eancia dos Oceanos promovida pela Organiza\u00e7\u00e3o das Na\u00e7\u00f5es Unidas em Lisboa, em junho, exige articula\u00e7\u00e3o entre setores p\u00fablico e privado e ganha relev\u00e2ncia, segundo participantes do Glocal Experience.<\/p>\n<p>A presen\u00e7a de 40 chefes de Estado em Portugal e investimentos filantr\u00f3picos de pesos-pesados \u00e9 um dos reflexos dessa preocupa\u00e7\u00e3o, aponta Fl\u00e1vio Andrade, da OceanPact. Tamb\u00e9m promissora foi a vis\u00e3o de converg\u00eancia observada ao longo do evento e o consenso em torno da ci\u00eancia como solu\u00e7\u00e3o para o problema. Segundo Andrade, o aquecimento global afeta a capacidade oce\u00e2nica de sequestro de carbono, mas as solu\u00e7\u00f5es para o problema s\u00e3o intrincadas e exigem conhecimento multissetorial.<\/p>\n<p>A quest\u00e3o \u00e9 que hoje o ser humano conhece mais a respeito do lado escuro da lua do que o fundo do mar, j\u00e1 que mais de 90% das \u00e1guas abaixo de 500 metros de profundidade sequer foram mapeadas. A empresa \u00e9 especialista em plataformas de dados para opera\u00e7\u00f5es oce\u00e2nicas, como plataformas de explora\u00e7\u00e3o de petr\u00f3leo, e \u00e9 uma das que j\u00e1 come\u00e7a a interagir com pa\u00edses como a \u00cdndia para trocar aprendizados sobre projetos como o Blue Keepers, voltado ao combate do lixo pl\u00e1stico no mar e patrocinado pela empresa. Tamb\u00e9m criou um programa de inova\u00e7\u00e3o aberta em parceria com a Universidade Estadual do Rio de Janeiro para acelerar startups com foco em oceanos ou economia azul.<\/p>\n<p>A OceanPact abriu capital no ano passado e convidou a filha de Ricardo Gomes, fundador do Instituto Mar Urbano, para tocar o sino de abertura na bolsa. A pequena Nina ganhou o mundo aos 5 anos de idade em imagem coletando lixo no fundo do mar. Gomes produziu document\u00e1rios e livros sobre a vida marinha ativa em locais como a Ba\u00eda de Guanabara e tem apoio da OceanPact no projeto de replantio de 30 mil \u00e1rvores em 12,5 hectares de mangue na regi\u00e3o, em parceria com a ONG Guardi\u00f5es do Mar. O pr\u00f3ximo passo eleva a conta para 1 milh\u00e3o de \u00e1rvores. \u201cO manguezal \u00e9 o ber\u00e7\u00e1rio do mar\u201d, diz Gomes.<\/p>\n<p>N\u00e3o \u00e9 o \u00fanico, claro. \u201cO oceano come\u00e7a na pia da casa\u201d, resume Andrade. Cerca de 80% da polui\u00e7\u00e3o marinha tem origem em terra firme, mas falta consci\u00eancia a respeito do assunto, segundo pesquisa realizada em parceria com Unifesp e Unesco pela Funda\u00e7\u00e3o Grupo Botic\u00e1rio para desvendar a rela\u00e7\u00e3o do brasileiro com o mar. Embora quase 80% da popula\u00e7\u00e3o do pa\u00eds resida a at\u00e9 100 km do mar, cerca de 40% dos entrevistados consideram que suas atitudes n\u00e3o impactam os oceanos, enquanto 30% acreditam que o que ocorre l\u00e1 n\u00e3o impacta suas vidas.<\/p>\n<p>A maioria, 86%, nunca ouviu falar em economia azul e os que conheciam a respeito n\u00e3o conseguiam apontar qualquer atividade econ\u00f4mica marinha, nem mesmo a pesca, embora 19% do PIB brasileiro e mais de metade do oxig\u00eanio mundial sejam gerados no mar, diz Janaina Bumbeer, bi\u00f3loga marinha da funda\u00e7\u00e3o. \u201cO principal desafio para os oceanos \u00e9 a falta de informa\u00e7\u00e3o. Cabe a n\u00f3s levarmos o conhecimento adiante\u201d, constata.<\/p>\n<p>Ana Asti, diretora da Secretaria Estadual do Ambiente e Sustentabilidade (SEAS) do Rio de Janeiro, destaca a rela\u00e7\u00e3o entre oceanos e o equil\u00edbrio do planeta &#8211; o fundo do mar concentra 50 vezes mais carbono do que as florestas, compara, mas em 2050 a perspectiva \u00e9 ter no oceano mesma quantidade de peixes e pl\u00e1stico. Com o agravante da presen\u00e7a de micropl\u00e1sticos at\u00e9 mesmo em fitoplanctons, microorganismos que alimentam a fauna marinha. \u201cAl\u00e9m do aumento da temperatura, a presen\u00e7a do pl\u00e1stico \u00e9 um dos principais fatores que reduzem a capacidade de absor\u00e7\u00e3o de carbono pelo oceano\u201d, diz.<\/p>\n<p>Fonte: Valor<\/p>\n","protected":false},"excerpt":{"rendered":"<p>Aquecimento global, descarte de lixo e falta de conhecimento est\u00e3o entre os principais desafios para a sobreviv\u00eancia oce\u00e2nica e para seu papel como grande sumidouro&#8230;<\/p>\n","protected":false},"author":1527,"featured_media":40420,"comment_status":"closed","ping_status":"closed","sticky":false,"template":"","format":"standard","meta":{"footnotes":""},"categories":[6],"tags":[],"class_list":["post-40419","post","type-post","status-publish","format-standard","has-post-thumbnail","hentry","category-noticias"],"_links":{"self":[{"href":"https:\/\/www.sincomam.org.br\/index.php\/wp-json\/wp\/v2\/posts\/40419","targetHints":{"allow":["GET"]}}],"collection":[{"href":"https:\/\/www.sincomam.org.br\/index.php\/wp-json\/wp\/v2\/posts"}],"about":[{"href":"https:\/\/www.sincomam.org.br\/index.php\/wp-json\/wp\/v2\/types\/post"}],"author":[{"embeddable":true,"href":"https:\/\/www.sincomam.org.br\/index.php\/wp-json\/wp\/v2\/users\/1527"}],"replies":[{"embeddable":true,"href":"https:\/\/www.sincomam.org.br\/index.php\/wp-json\/wp\/v2\/comments?post=40419"}],"version-history":[{"count":1,"href":"https:\/\/www.sincomam.org.br\/index.php\/wp-json\/wp\/v2\/posts\/40419\/revisions"}],"predecessor-version":[{"id":40421,"href":"https:\/\/www.sincomam.org.br\/index.php\/wp-json\/wp\/v2\/posts\/40419\/revisions\/40421"}],"wp:featuredmedia":[{"embeddable":true,"href":"https:\/\/www.sincomam.org.br\/index.php\/wp-json\/wp\/v2\/media\/40420"}],"wp:attachment":[{"href":"https:\/\/www.sincomam.org.br\/index.php\/wp-json\/wp\/v2\/media?parent=40419"}],"wp:term":[{"taxonomy":"category","embeddable":true,"href":"https:\/\/www.sincomam.org.br\/index.php\/wp-json\/wp\/v2\/categories?post=40419"},{"taxonomy":"post_tag","embeddable":true,"href":"https:\/\/www.sincomam.org.br\/index.php\/wp-json\/wp\/v2\/tags?post=40419"}],"curies":[{"name":"wp","href":"https:\/\/api.w.org\/{rel}","templated":true}]}}