{"id":4041,"date":"2014-03-07T08:20:24","date_gmt":"2014-03-07T11:20:24","guid":{"rendered":"http:\/\/www.sincomam.org.br\/?p=4041"},"modified":"2014-03-06T17:58:40","modified_gmt":"2014-03-06T20:58:40","slug":"rodovias-federais-registram-155-mortes-durante-o-carnaval","status":"publish","type":"post","link":"https:\/\/www.sincomam.org.br\/index.php\/rodovias-federais-registram-155-mortes-durante-o-carnaval\/","title":{"rendered":"Rodovias federais registram 155 mortes durante o carnaval"},"content":{"rendered":"<p><b><i>Ocorreram, no total, 3.201 acidentes, que deixaram 1.823 pessoas feridas<\/i><\/b><\/p>\n<p>A Pol\u00edcia Rodovi\u00e1ria Federal (PRF) registrou uma redu\u00e7\u00e3o de 6% no n\u00famero de mortes nas rodovias durante os seis dias em que foi realizada a Opera\u00e7\u00e3o Carnaval em rela\u00e7\u00e3o ao mesmo per\u00edodo de 2013.<\/p>\n<p>Neste ano, 155 pessoas morreram nas rodovias, ante as 157 registradas em 2013. A PRF, por\u00e9m, leva em conta a propor\u00e7\u00e3o entre as ocorr\u00eancias e a frota de ve\u00edculos em circula\u00e7\u00e3o. Assim, a propor\u00e7\u00e3o de mortes para cada 1 milh\u00e3o de ve\u00edculos caiu de 2,1 em 2013 para 1,88 neste ano (entre a 0 hora da sexta-feira, 28, e as 24 horas de quarta-feira, 5).<\/p>\n<p>A PRF tamb\u00e9m afirma que houve redu\u00e7\u00e3o nos acidentes e feridos, apesar de os n\u00fameros absolutos registrarem pequenos aumentos. No total de acidentes, por exemplo, foram 3.201 em 2014 ante 3.149 no ano passado (aumento de 1,65%), mas a PRF considera que ocorreu redu\u00e7\u00e3o de 9%.\u00a0<\/p>\n<p>J\u00e1 o n\u00famero relativo de feridos caiu 16%, passando de 26,18 para cada milh\u00e3o de ve\u00edculos em 2013 para 22,11 por milh\u00e3o em 2014. Em n\u00fameros absolutos, foram 1.823 feridos este ano, contra 1.793 ano passado (aumento de 1,67%).<\/p>\n<p><b>Aumento da frota<\/b><\/p>\n<p>De acordo com o Departamento Nacional de Tr\u00e2nsito (Denatran), a frota brasileira passou de 66.937.578 ve\u00edculos em 2013 para 82.450.419 este ano. A PRF \u00e9 respons\u00e1vel pelo policiamento em aproximadamente 70 mil quil\u00f4metros de estradas.<\/p>\n<p>No balan\u00e7o divulgado nesta quinta-feira, 6, das 155 mortes registradas durante a Opera\u00e7\u00e3o Carnaval, 29 ocorreram em acidentes causados por &#8220;ultrapassagens indevidas&#8221;, 22 por &#8220;velocidade incompat\u00edvel&#8221; com a via e mais 22 em acidentes ocorridos por &#8220;falta de aten\u00e7\u00e3o&#8221; dos motoristas. <\/p>\n<p>Nos seis dias de opera\u00e7\u00e3o, foram realizados 69.251 testes do baf\u00f4metro, sendo que foram aplicadas 1.650 multas e 406 motoristas terminaram presos por dirigirem b\u00eabados.<\/p>\n<p>Fonte: G1<\/p>\n","protected":false},"excerpt":{"rendered":"<p>Ocorreram, no total, 3.201 acidentes, que deixaram 1.823 pessoas feridas A Pol\u00edcia Rodovi\u00e1ria Federal (PRF) registrou uma redu\u00e7\u00e3o de 6% no n\u00famero de mortes nas&#8230;<\/p>\n","protected":false},"author":1182,"featured_media":4042,"comment_status":"closed","ping_status":"closed","sticky":false,"template":"","format":"standard","meta":{"footnotes":""},"categories":[6],"tags":[608,377,415],"class_list":["post-4041","post","type-post","status-publish","format-standard","has-post-thumbnail","hentry","category-noticias","tag-carnaval","tag-operacao","tag-policia-federal"],"_links":{"self":[{"href":"https:\/\/www.sincomam.org.br\/index.php\/wp-json\/wp\/v2\/posts\/4041","targetHints":{"allow":["GET"]}}],"collection":[{"href":"https:\/\/www.sincomam.org.br\/index.php\/wp-json\/wp\/v2\/posts"}],"about":[{"href":"https:\/\/www.sincomam.org.br\/index.php\/wp-json\/wp\/v2\/types\/post"}],"author":[{"embeddable":true,"href":"https:\/\/www.sincomam.org.br\/index.php\/wp-json\/wp\/v2\/users\/1182"}],"replies":[{"embeddable":true,"href":"https:\/\/www.sincomam.org.br\/index.php\/wp-json\/wp\/v2\/comments?post=4041"}],"version-history":[{"count":1,"href":"https:\/\/www.sincomam.org.br\/index.php\/wp-json\/wp\/v2\/posts\/4041\/revisions"}],"predecessor-version":[{"id":4043,"href":"https:\/\/www.sincomam.org.br\/index.php\/wp-json\/wp\/v2\/posts\/4041\/revisions\/4043"}],"wp:featuredmedia":[{"embeddable":true,"href":"https:\/\/www.sincomam.org.br\/index.php\/wp-json\/wp\/v2\/media\/4042"}],"wp:attachment":[{"href":"https:\/\/www.sincomam.org.br\/index.php\/wp-json\/wp\/v2\/media?parent=4041"}],"wp:term":[{"taxonomy":"category","embeddable":true,"href":"https:\/\/www.sincomam.org.br\/index.php\/wp-json\/wp\/v2\/categories?post=4041"},{"taxonomy":"post_tag","embeddable":true,"href":"https:\/\/www.sincomam.org.br\/index.php\/wp-json\/wp\/v2\/tags?post=4041"}],"curies":[{"name":"wp","href":"https:\/\/api.w.org\/{rel}","templated":true}]}}