{"id":40406,"date":"2022-07-19T03:16:28","date_gmt":"2022-07-19T06:16:28","guid":{"rendered":"http:\/\/www.sincomam.org.br\/?p=40406"},"modified":"2022-07-18T23:18:02","modified_gmt":"2022-07-19T02:18:02","slug":"militares-mortos-em-guerra-sao-homenageados-no-rio-de-janeiro-rj","status":"publish","type":"post","link":"https:\/\/www.sincomam.org.br\/index.php\/militares-mortos-em-guerra-sao-homenageados-no-rio-de-janeiro-rj\/","title":{"rendered":"Militares mortos em guerra s\u00e3o homenageados no Rio de Janeiro (RJ)"},"content":{"rendered":"<p>Todos os anos, mais precisamente em 21 de julho, a Marinha do Brasil (MB) relembra a mem\u00f3ria dos seus mortos em guerra. Uma alus\u00e3o ao naufr\u00e1gio da Corveta brasileira \u201cCamaqu\u00e3\u201d, ocorrido na mesma data, em 1944, durante a Segunda Guerra Mundial. Somente neste per\u00edodo, foram perdidos 31 navios mercantes brasileiros, tr\u00eas navios da Marinha e centenas de vidas de civis e militares. Como forma de homenagear essas perdas, foi realizada, nesta segunda-feira (18), uma cerim\u00f4nia no Monumento aos Mortos da Segunda Guerra Mundial, no Rio de Janeiro (RJ).<\/p>\n<p>Durante a cerim\u00f4nia, uma ora\u00e7\u00e3o solene foi realizada em mem\u00f3ria daqueles que perderam suas vidas em combate, seguida de aposi\u00e7\u00e3o floral. Concomitantemente, p\u00e9talas foram lan\u00e7adas ao mar do Aviso Patrulha \u201cAnequim\u201d, que estava fundeado nas proximidades do Monumento. Ocorreu tamb\u00e9m o disparo de cargas de fuzilaria pelo destacamento de honras f\u00fanebres do Grupamento de Fuzileiros Navais do Rio de Janeiro e a execu\u00e7\u00e3o da marcha f\u00fanebre e do toque de sil\u00eancio.<\/p>\n<p>Foram entoados ainda os toques de Alvorada e Vit\u00f3ria, seguidos da can\u00e7\u00e3o da Divis\u00e3o Naval em Opera\u00e7\u00f5es de Guerra (DNOG) e da can\u00e7\u00e3o dos Combatentes da Segunda Guerra Mundial, simbolizando o reconhecimento eterno da Marinha por aqueles que se imortalizaram no mar a servi\u00e7o da P\u00e1tria.<\/p>\n<p>O ex-combatente Jo\u00e3o Amaro dos Santos esteve presente na celebra\u00e7\u00e3o. Ele \u00e9 Tenente reformado da MB e durante a Segunda Guerra Mundial integrou a tripula\u00e7\u00e3o da Corveta Cabedelo, defendendo uma frota de navios mercantes de um submarino alem\u00e3o perto do Estreito de Gibraltar, situado entre a Espanha e o Marrocos. O militar \u00e9 um dos poucos ainda vivos, e refor\u00e7ou a import\u00e2ncia da homenagem.<\/p>\n<p>&#8220;Fico emocionado pela homenagem que a Marinha presta todo ano aos mortos em guerra. Perdi muitos companheiros. Lembro de quando participava da escolta. N\u00f3s \u00edamos, mas n\u00e3o sab\u00edamos se voltar\u00edamos. E hoje eu estou vivo relembrando esses momentos nessa emocionante cerim\u00f4nia&#8221;, refletiu.<\/p>\n<p>Fonte: Ag\u00eancia Marinha de Not\u00edcias<\/p>\n","protected":false},"excerpt":{"rendered":"<p>Todos os anos, mais precisamente em 21 de julho, a Marinha do Brasil (MB) relembra a mem\u00f3ria dos seus mortos em guerra. Uma alus\u00e3o ao&#8230;<\/p>\n","protected":false},"author":1527,"featured_media":40407,"comment_status":"closed","ping_status":"closed","sticky":false,"template":"","format":"standard","meta":{"footnotes":""},"categories":[6],"tags":[],"class_list":["post-40406","post","type-post","status-publish","format-standard","has-post-thumbnail","hentry","category-noticias"],"_links":{"self":[{"href":"https:\/\/www.sincomam.org.br\/index.php\/wp-json\/wp\/v2\/posts\/40406","targetHints":{"allow":["GET"]}}],"collection":[{"href":"https:\/\/www.sincomam.org.br\/index.php\/wp-json\/wp\/v2\/posts"}],"about":[{"href":"https:\/\/www.sincomam.org.br\/index.php\/wp-json\/wp\/v2\/types\/post"}],"author":[{"embeddable":true,"href":"https:\/\/www.sincomam.org.br\/index.php\/wp-json\/wp\/v2\/users\/1527"}],"replies":[{"embeddable":true,"href":"https:\/\/www.sincomam.org.br\/index.php\/wp-json\/wp\/v2\/comments?post=40406"}],"version-history":[{"count":1,"href":"https:\/\/www.sincomam.org.br\/index.php\/wp-json\/wp\/v2\/posts\/40406\/revisions"}],"predecessor-version":[{"id":40408,"href":"https:\/\/www.sincomam.org.br\/index.php\/wp-json\/wp\/v2\/posts\/40406\/revisions\/40408"}],"wp:featuredmedia":[{"embeddable":true,"href":"https:\/\/www.sincomam.org.br\/index.php\/wp-json\/wp\/v2\/media\/40407"}],"wp:attachment":[{"href":"https:\/\/www.sincomam.org.br\/index.php\/wp-json\/wp\/v2\/media?parent=40406"}],"wp:term":[{"taxonomy":"category","embeddable":true,"href":"https:\/\/www.sincomam.org.br\/index.php\/wp-json\/wp\/v2\/categories?post=40406"},{"taxonomy":"post_tag","embeddable":true,"href":"https:\/\/www.sincomam.org.br\/index.php\/wp-json\/wp\/v2\/tags?post=40406"}],"curies":[{"name":"wp","href":"https:\/\/api.w.org\/{rel}","templated":true}]}}