{"id":40394,"date":"2022-07-18T07:34:59","date_gmt":"2022-07-18T10:34:59","guid":{"rendered":"http:\/\/www.sincomam.org.br\/?p=40394"},"modified":"2022-07-18T07:34:59","modified_gmt":"2022-07-18T10:34:59","slug":"forca-de-submarinos-da-marinha-do-brasil-fez-108-anos","status":"publish","type":"post","link":"https:\/\/www.sincomam.org.br\/index.php\/forca-de-submarinos-da-marinha-do-brasil-fez-108-anos\/","title":{"rendered":"For\u00e7a de Submarinos da Marinha do Brasil fez 108 anos"},"content":{"rendered":"<p>A ideia de dotar a Armada Brasileira com uma nova arma para a Guerra Naval prosperou com o desenvolvimento, ainda embrion\u00e1rio, do submarino no final do s\u00e9culo XIX e in\u00edcio do s\u00e9culo XX.<\/p>\n<p>Entre no canal do Defesa em Foco no Telegram e fique por dentro de todas as not\u00edcias do dia<\/p>\n<p>Eventos hist\u00f3ricos, como as experi\u00eancias com prot\u00f3tipos, foram tema de reportagens de grande import\u00e2ncia para a \u00e9poca, com repercuss\u00f5es no exterior. Em 1891, teve in\u00edcio uma campanha para aquisi\u00e7\u00e3o de submarinos para o Brasil. Os trabalhos, publicados nos peri\u00f3dicos da \u00e9poca, foram motivos de reflex\u00e3o e de ampla discuss\u00e3o, despertando o interesse p\u00fablico e inspirando a Alta Administra\u00e7\u00e3o Naval. J\u00e1 \u00e0quela \u00e9poca, era destacado o valor do submarino para a defesa da soberania do Estado.<\/p>\n<p>Em 1904, foram inclu\u00eddos tr\u00eas submers\u00edveis no Programa de Constru\u00e7\u00e3o Naval. O ep\u00edlogo da campanha de aquisi\u00e7\u00e3o de submers\u00edveis para a Marinha e o in\u00edcio da trajet\u00f3ria dessa nova categoria de navios na MB vieram a se concretizar em 1911, ocasi\u00e3o em que foi criada a Sub-Comiss\u00e3o Naval na Europa, em La Spezia, It\u00e1lia, para fiscalizar a constru\u00e7\u00e3o de tr\u00eas submers\u00edveis encomendados ao Governo italiano.<\/p>\n<p>Os \u201ctem\u00edveis navios negros\u201d tiveram desenvolvimento not\u00e1vel, firmando-se como pedra angular no combate naval. A rea\u00e7\u00e3o nuclear proporcionou excesso de energia anaer\u00f3bia, garantindo plena oculta\u00e7\u00e3o e adicionando novo espectro de capacidades e, portanto, potencializando sua caracter\u00edstica ofensiva e sua letalidade. O perfil do submarinista \u00e9 assim constru\u00eddo, buscando sempre a iniciativa das a\u00e7\u00f5es, aventurando-se como ponta de lan\u00e7a do Poder Naval, operando onde s\u00f3 o submarino consegue.<\/p>\n<p>Durante a hist\u00f3ria da For\u00e7a de Submarinos, a atividade se desenvolveu, criando robusta doutrina, calcada em s\u00f3lidos procedimentos de seguran\u00e7a, e coerente com o contexto estrat\u00e9gico do Brasil. Homens e mulheres s\u00e3o divididos entre os submarinos, a escafandria, o mergulho de combate, a medicina hiperb\u00e1rica e a psicologia dedicada a essas atividades; mas somente unidos traduzem poder \u00fanico. S\u00e3o todos submarinistas, os respons\u00e1veis pelas fa\u00e7anhas fant\u00e1sticas abaixo d\u2019\u00e1gua.<\/p>\n<p>Com Amaz\u00f4nia Azul enorme e de futuro promissor, e um Entorno Estrat\u00e9gico superlativo, o Brasil desencadeou Programa de Estado de longo prazo, para, em complemento ao Programa Nuclear da Marinha, dotar o Poder Naval de submarino convencional de propuls\u00e3o nuclear.<\/p>\n<p>Muito h\u00e1, ainda, por fazer. Os submarinos classe \u201cRiachuelo\u201d recuperam capacidades e agregam outras in\u00e9ditas para a For\u00e7a de Submarinos, que segue, como de h\u00e1bito, em processo evolutivo. Os desafios detectados representam, para os aguerridos submarinistas, um futuro animador! Ap\u00f3s muitos anos, os Marinheiros At\u00e9 Debaixo D\u2019\u00c1gua firmam, uma vez mais, posi\u00e7\u00e3o como pioneiros, prontos para escrever mais um cap\u00edtulo na hist\u00f3ria da gloriosa Flotilha de Submarinos.<\/p>\n<p>Extra\u00eddos do site do Comando da For\u00e7a de Submarinos da Marinha do Brasil e da Ordem do Dia n\u00ba 03-1\/2021 (anivers\u00e1rio da For\u00e7a de Submarinos).<\/p>\n<p>Fonte: MME<\/p>\n","protected":false},"excerpt":{"rendered":"<p>A ideia de dotar a Armada Brasileira com uma nova arma para a Guerra Naval prosperou com o desenvolvimento, ainda embrion\u00e1rio, do submarino no final&#8230;<\/p>\n","protected":false},"author":1527,"featured_media":40395,"comment_status":"closed","ping_status":"closed","sticky":false,"template":"","format":"standard","meta":{"footnotes":""},"categories":[6],"tags":[],"class_list":["post-40394","post","type-post","status-publish","format-standard","has-post-thumbnail","hentry","category-noticias"],"_links":{"self":[{"href":"https:\/\/www.sincomam.org.br\/index.php\/wp-json\/wp\/v2\/posts\/40394","targetHints":{"allow":["GET"]}}],"collection":[{"href":"https:\/\/www.sincomam.org.br\/index.php\/wp-json\/wp\/v2\/posts"}],"about":[{"href":"https:\/\/www.sincomam.org.br\/index.php\/wp-json\/wp\/v2\/types\/post"}],"author":[{"embeddable":true,"href":"https:\/\/www.sincomam.org.br\/index.php\/wp-json\/wp\/v2\/users\/1527"}],"replies":[{"embeddable":true,"href":"https:\/\/www.sincomam.org.br\/index.php\/wp-json\/wp\/v2\/comments?post=40394"}],"version-history":[{"count":1,"href":"https:\/\/www.sincomam.org.br\/index.php\/wp-json\/wp\/v2\/posts\/40394\/revisions"}],"predecessor-version":[{"id":40396,"href":"https:\/\/www.sincomam.org.br\/index.php\/wp-json\/wp\/v2\/posts\/40394\/revisions\/40396"}],"wp:featuredmedia":[{"embeddable":true,"href":"https:\/\/www.sincomam.org.br\/index.php\/wp-json\/wp\/v2\/media\/40395"}],"wp:attachment":[{"href":"https:\/\/www.sincomam.org.br\/index.php\/wp-json\/wp\/v2\/media?parent=40394"}],"wp:term":[{"taxonomy":"category","embeddable":true,"href":"https:\/\/www.sincomam.org.br\/index.php\/wp-json\/wp\/v2\/categories?post=40394"},{"taxonomy":"post_tag","embeddable":true,"href":"https:\/\/www.sincomam.org.br\/index.php\/wp-json\/wp\/v2\/tags?post=40394"}],"curies":[{"name":"wp","href":"https:\/\/api.w.org\/{rel}","templated":true}]}}