{"id":40385,"date":"2022-07-18T07:29:44","date_gmt":"2022-07-18T10:29:44","guid":{"rendered":"http:\/\/www.sincomam.org.br\/?p=40385"},"modified":"2022-07-18T07:29:44","modified_gmt":"2022-07-18T10:29:44","slug":"marinha-lanca-concurso-de-nivel-tecnico-para-trabalhar-com-submarinos-e-instalacoes-nucleares","status":"publish","type":"post","link":"https:\/\/www.sincomam.org.br\/index.php\/marinha-lanca-concurso-de-nivel-tecnico-para-trabalhar-com-submarinos-e-instalacoes-nucleares\/","title":{"rendered":"Marinha lan\u00e7a concurso de n\u00edvel t\u00e9cnico para trabalhar com submarinos e instala\u00e7\u00f5es nucleares"},"content":{"rendered":"<p>A Marinha do Brasil lan\u00e7ou edital de concurso p\u00fablico para admiss\u00e3o ao Quadro T\u00e9cnico de Pra\u00e7as da Armada, que ter\u00e1 entre suas possibilidades o trabalho com submarinos e instala\u00e7\u00f5es nucleares. As inscri\u00e7\u00f5es come\u00e7am no dia 25 de julho e poder\u00e3o ser feitas no site at\u00e9 o dia 21 de agosto.<\/p>\n<p>S\u00e3o 10 vagas para aqueles que t\u00eam forma\u00e7\u00e3o t\u00e9cnica nas \u00e1reas de Eletroeletr\u00f4nica e Mec\u00e2nica. Os aprovados ingressar\u00e3o na gradua\u00e7\u00e3o de Terceiro-Sargento, podendo chegar at\u00e9 a de Suboficial, e receber\u00e3o capacita\u00e7\u00e3o para trabalhar nas \u00e1reas de Comunica\u00e7\u00f5es Interiores, Eletricidade, M\u00e1quinas e Motores.<\/p>\n<p>Na primeira etapa do concurso, ser\u00e3o aplicadas uma prova objetiva com 50 quest\u00f5es e uma reda\u00e7\u00e3o. Aqueles que forem aprovados para as fases complementares passar\u00e3o por etapas como Teste de Aptid\u00e3o F\u00edsica, Inspe\u00e7\u00e3o de Sa\u00fade e Avalia\u00e7\u00e3o Psicol\u00f3gica. Todos os crit\u00e9rios e \u00edndice dessas avalia\u00e7\u00f5es est\u00e3o descritos no <a href=\"https:\/\/www.inscricao.marinha.mil.br\/marinha\/CP-QTPA_2022%20-%20001.pdf?id_file=6939\">edital.<\/a><\/p>\n<p><strong>Carreira de submarinista<\/strong><\/p>\n<p>Neste domingo (17), \u00e9 comemorado o Dia do Submarinista e o Anivers\u00e1rio da For\u00e7a de Submarinos. A data remete \u00e0 cria\u00e7\u00e3o da Flotilha de Submers\u00edveis, h\u00e1 108 atr\u00e1s, quando faltava apenas uma semana para a eclos\u00e3o da Primeira Guerra Mundial. <\/p>\n<p>\u201cSer submarinista \u00e9 uma carreira que requer muito esfor\u00e7o pessoal. O militar \u00e9 posto a prova nos dif\u00edceis cursos de forma\u00e7\u00e3o do submarinista, precisa se acostumar ao ambiente confinado, ao risco inerente e possuir muito equil\u00edbrio emocional\u201d, relata o Comandante da For\u00e7a de Submarinos, Contra-Almirante Andr\u00e9 Martins De Carvalho.<\/p>\n<p><strong>Servi\u00e7o<\/strong><br \/>\nConcurso P\u00fablico para Ingresso no Quadro T\u00e9cnico de Pra\u00e7as da Armada (QTPA) \u2013 2022<br \/>\n10 vagas<br \/>\nPer\u00edodo de inscri\u00e7\u00f5es: 25\/07\/22 a 21\/08\/22<br \/>\nTaxa: R$ 75,00<br \/>\nData da Prova: 23\/10\/22<\/p>\n<p>Fonte: Ag\u00eancia Marinha de Not\u00edcias<\/p>\n","protected":false},"excerpt":{"rendered":"<p>A Marinha do Brasil lan\u00e7ou edital de concurso p\u00fablico para admiss\u00e3o ao Quadro T\u00e9cnico de Pra\u00e7as da Armada, que ter\u00e1 entre suas possibilidades o trabalho&#8230;<\/p>\n","protected":false},"author":1527,"featured_media":40386,"comment_status":"closed","ping_status":"closed","sticky":false,"template":"","format":"standard","meta":{"footnotes":""},"categories":[6],"tags":[],"class_list":["post-40385","post","type-post","status-publish","format-standard","has-post-thumbnail","hentry","category-noticias"],"_links":{"self":[{"href":"https:\/\/www.sincomam.org.br\/index.php\/wp-json\/wp\/v2\/posts\/40385","targetHints":{"allow":["GET"]}}],"collection":[{"href":"https:\/\/www.sincomam.org.br\/index.php\/wp-json\/wp\/v2\/posts"}],"about":[{"href":"https:\/\/www.sincomam.org.br\/index.php\/wp-json\/wp\/v2\/types\/post"}],"author":[{"embeddable":true,"href":"https:\/\/www.sincomam.org.br\/index.php\/wp-json\/wp\/v2\/users\/1527"}],"replies":[{"embeddable":true,"href":"https:\/\/www.sincomam.org.br\/index.php\/wp-json\/wp\/v2\/comments?post=40385"}],"version-history":[{"count":1,"href":"https:\/\/www.sincomam.org.br\/index.php\/wp-json\/wp\/v2\/posts\/40385\/revisions"}],"predecessor-version":[{"id":40387,"href":"https:\/\/www.sincomam.org.br\/index.php\/wp-json\/wp\/v2\/posts\/40385\/revisions\/40387"}],"wp:featuredmedia":[{"embeddable":true,"href":"https:\/\/www.sincomam.org.br\/index.php\/wp-json\/wp\/v2\/media\/40386"}],"wp:attachment":[{"href":"https:\/\/www.sincomam.org.br\/index.php\/wp-json\/wp\/v2\/media?parent=40385"}],"wp:term":[{"taxonomy":"category","embeddable":true,"href":"https:\/\/www.sincomam.org.br\/index.php\/wp-json\/wp\/v2\/categories?post=40385"},{"taxonomy":"post_tag","embeddable":true,"href":"https:\/\/www.sincomam.org.br\/index.php\/wp-json\/wp\/v2\/tags?post=40385"}],"curies":[{"name":"wp","href":"https:\/\/api.w.org\/{rel}","templated":true}]}}