{"id":40370,"date":"2022-07-15T10:29:33","date_gmt":"2022-07-15T13:29:33","guid":{"rendered":"http:\/\/www.sincomam.org.br\/?p=40370"},"modified":"2022-07-15T10:29:33","modified_gmt":"2022-07-15T13:29:33","slug":"covid-19-ministerio-explica-esquema-de-aplicacao-da-vacina-janssen","status":"publish","type":"post","link":"https:\/\/www.sincomam.org.br\/index.php\/covid-19-ministerio-explica-esquema-de-aplicacao-da-vacina-janssen\/","title":{"rendered":"Covid-19: minist\u00e9rio explica esquema de aplica\u00e7\u00e3o da vacina Janssen"},"content":{"rendered":"<p>O Minist\u00e9rio da Sa\u00fade divulgou nesta quinta-feira (14) recomenda\u00e7\u00e3o para quem iniciou o esquema vacinal contra a covid-19 com o imunizante da Janssen. Segundo a pasta, imunizante deve ser aplicado quatro vezes: dose \u00fanica inicial, seguida da primeira, da segunda e da terceira dose de refor\u00e7o.<\/p>\n<p>A primeira dose de refor\u00e7o da Janssen deve ser aplicada entre 2 e 6 meses ap\u00f3s a dose \u00fanica, com o mesmo imunizante. J\u00e1 a segunda aplica\u00e7\u00e3o de refor\u00e7o deve ser feita 4 meses depois da primeira dose de refor\u00e7o. Nesse caso, podem ser usadas as vacinas da Pfizer, Astrazeneca ou a pr\u00f3pria Janssen.<\/p>\n<p>De acordo com minist\u00e9rio, pessoas com idade superior a 40 anos podem tomar o terceiro refor\u00e7o, que dever\u00e1 ser aplicado ap\u00f3s o intervalo de quatro meses do segundo. Nesses casos, a recomenda\u00e7\u00e3o \u00e9 que tamb\u00e9m sejam usadas as vacinas Astrazeneca, Pfizer ou Janssen.<\/p>\n<p>&#8220;\u00c9 importante ressaltar que esse esquema \u00e9 recomendado apenas para quem iniciou a vacina\u00e7\u00e3o contra a covid-19 com a Janssen, ou seja, tomou a dose \u00fanica do imunizante. As pessoas que come\u00e7aram o esquema vacinal (primeira e segunda dose) com outros imunizantes e se vacinaram com a Janssen como dose de refor\u00e7o n\u00e3o se encaixam nessas recomenda\u00e7\u00f5es\u201d, informa a pasta.<\/p>\n<p>Segundo informa\u00e7\u00f5es do LocalizaSUS, estados e Distrito Federal j\u00e1 receberam mais de 581 milh\u00f5es de imunizantes.<\/p>\n<p>Fonte: Ag\u00eancia Brasil<\/p>\n","protected":false},"excerpt":{"rendered":"<p>O Minist\u00e9rio da Sa\u00fade divulgou nesta quinta-feira (14) recomenda\u00e7\u00e3o para quem iniciou o esquema vacinal contra a covid-19 com o imunizante da Janssen. Segundo a&#8230;<\/p>\n","protected":false},"author":1527,"featured_media":40371,"comment_status":"closed","ping_status":"closed","sticky":false,"template":"","format":"standard","meta":{"footnotes":""},"categories":[6],"tags":[],"class_list":["post-40370","post","type-post","status-publish","format-standard","has-post-thumbnail","hentry","category-noticias"],"_links":{"self":[{"href":"https:\/\/www.sincomam.org.br\/index.php\/wp-json\/wp\/v2\/posts\/40370","targetHints":{"allow":["GET"]}}],"collection":[{"href":"https:\/\/www.sincomam.org.br\/index.php\/wp-json\/wp\/v2\/posts"}],"about":[{"href":"https:\/\/www.sincomam.org.br\/index.php\/wp-json\/wp\/v2\/types\/post"}],"author":[{"embeddable":true,"href":"https:\/\/www.sincomam.org.br\/index.php\/wp-json\/wp\/v2\/users\/1527"}],"replies":[{"embeddable":true,"href":"https:\/\/www.sincomam.org.br\/index.php\/wp-json\/wp\/v2\/comments?post=40370"}],"version-history":[{"count":1,"href":"https:\/\/www.sincomam.org.br\/index.php\/wp-json\/wp\/v2\/posts\/40370\/revisions"}],"predecessor-version":[{"id":40372,"href":"https:\/\/www.sincomam.org.br\/index.php\/wp-json\/wp\/v2\/posts\/40370\/revisions\/40372"}],"wp:featuredmedia":[{"embeddable":true,"href":"https:\/\/www.sincomam.org.br\/index.php\/wp-json\/wp\/v2\/media\/40371"}],"wp:attachment":[{"href":"https:\/\/www.sincomam.org.br\/index.php\/wp-json\/wp\/v2\/media?parent=40370"}],"wp:term":[{"taxonomy":"category","embeddable":true,"href":"https:\/\/www.sincomam.org.br\/index.php\/wp-json\/wp\/v2\/categories?post=40370"},{"taxonomy":"post_tag","embeddable":true,"href":"https:\/\/www.sincomam.org.br\/index.php\/wp-json\/wp\/v2\/tags?post=40370"}],"curies":[{"name":"wp","href":"https:\/\/api.w.org\/{rel}","templated":true}]}}