{"id":40361,"date":"2022-07-15T08:25:45","date_gmt":"2022-07-15T11:25:45","guid":{"rendered":"http:\/\/www.sincomam.org.br\/?p=40361"},"modified":"2022-07-15T08:25:45","modified_gmt":"2022-07-15T11:25:45","slug":"43a-regata-marcilio-dias-celebra-os-200-anos-da-independencia-na-baia-de-todos-os-santos","status":"publish","type":"post","link":"https:\/\/www.sincomam.org.br\/index.php\/43a-regata-marcilio-dias-celebra-os-200-anos-da-independencia-na-baia-de-todos-os-santos\/","title":{"rendered":"43\u00aa Regata Marc\u00edlio Dias celebra os 200 anos da Independ\u00eancia na Ba\u00eda de Todos os Santos"},"content":{"rendered":"<p>A Capitania dos Portos da Bahia (CPBA) promoveu, no dia 9 de julho, a 43\u00aa Regata Marc\u00edlio Dias, que reuniu 220 embarca\u00e7\u00f5es e 450 atletas na Ba\u00eda de Todos os Santos. A competi\u00e7\u00e3o, que contou com a participa\u00e7\u00e3o de canoas havaianas, veleiros \u201cmonotipos\u201d e oce\u00e2nicos, al\u00e9m de Stand Up Paddles, faz parte do calend\u00e1rio de comemora\u00e7\u00f5es do bicenten\u00e1rio da Independ\u00eancia do Brasil.<\/p>\n<p>Na oportunidade, foram arrecadadas tr\u00eas toneladas de alimentos, doados pelos atletas no ato da inscri\u00e7\u00e3o. As doa\u00e7\u00f5es ser\u00e3o entregues \u00e0 Defesa Civil de Salvador, para serem distribu\u00eddas em comunidades carentes.<\/p>\n<p>Durante o evento, ocorreu uma a\u00e7\u00e3o social de limpeza, na praia do Porto da Barra, realizada por militares do Grupamento de\u00a0Fuzileiros Navais\u00a0de Salvador (GptFNSa), Grupo Escoteiros do Mar Jo\u00e3o das Bottas, volunt\u00e1rios civis e \u00f3rg\u00e3os municipais. Ao todo, cerca de 1,5 toneladas de res\u00edduos foram retirados da praia, numa a\u00e7\u00e3o que refor\u00e7a a import\u00e2ncia da conscientiza\u00e7\u00e3o ambiental para a sa\u00fade dos mares e preserva\u00e7\u00e3o da Amaz\u00f4nia Azul.<\/p>\n<p>Fonte: Informativo dos Portos<\/p>\n","protected":false},"excerpt":{"rendered":"<p>A Capitania dos Portos da Bahia (CPBA) promoveu, no dia 9 de julho, a 43\u00aa Regata Marc\u00edlio Dias, que reuniu 220 embarca\u00e7\u00f5es e 450 atletas&#8230;<\/p>\n","protected":false},"author":1527,"featured_media":40362,"comment_status":"closed","ping_status":"closed","sticky":false,"template":"","format":"standard","meta":{"footnotes":""},"categories":[6],"tags":[],"class_list":["post-40361","post","type-post","status-publish","format-standard","has-post-thumbnail","hentry","category-noticias"],"_links":{"self":[{"href":"https:\/\/www.sincomam.org.br\/index.php\/wp-json\/wp\/v2\/posts\/40361","targetHints":{"allow":["GET"]}}],"collection":[{"href":"https:\/\/www.sincomam.org.br\/index.php\/wp-json\/wp\/v2\/posts"}],"about":[{"href":"https:\/\/www.sincomam.org.br\/index.php\/wp-json\/wp\/v2\/types\/post"}],"author":[{"embeddable":true,"href":"https:\/\/www.sincomam.org.br\/index.php\/wp-json\/wp\/v2\/users\/1527"}],"replies":[{"embeddable":true,"href":"https:\/\/www.sincomam.org.br\/index.php\/wp-json\/wp\/v2\/comments?post=40361"}],"version-history":[{"count":1,"href":"https:\/\/www.sincomam.org.br\/index.php\/wp-json\/wp\/v2\/posts\/40361\/revisions"}],"predecessor-version":[{"id":40363,"href":"https:\/\/www.sincomam.org.br\/index.php\/wp-json\/wp\/v2\/posts\/40361\/revisions\/40363"}],"wp:featuredmedia":[{"embeddable":true,"href":"https:\/\/www.sincomam.org.br\/index.php\/wp-json\/wp\/v2\/media\/40362"}],"wp:attachment":[{"href":"https:\/\/www.sincomam.org.br\/index.php\/wp-json\/wp\/v2\/media?parent=40361"}],"wp:term":[{"taxonomy":"category","embeddable":true,"href":"https:\/\/www.sincomam.org.br\/index.php\/wp-json\/wp\/v2\/categories?post=40361"},{"taxonomy":"post_tag","embeddable":true,"href":"https:\/\/www.sincomam.org.br\/index.php\/wp-json\/wp\/v2\/tags?post=40361"}],"curies":[{"name":"wp","href":"https:\/\/api.w.org\/{rel}","templated":true}]}}