{"id":40352,"date":"2022-07-15T08:21:00","date_gmt":"2022-07-15T11:21:00","guid":{"rendered":"http:\/\/www.sincomam.org.br\/?p=40352"},"modified":"2022-07-15T08:21:00","modified_gmt":"2022-07-15T11:21:00","slug":"apm-terminals-anuncia-nova-organizacao-para-as-americas","status":"publish","type":"post","link":"https:\/\/www.sincomam.org.br\/index.php\/apm-terminals-anuncia-nova-organizacao-para-as-americas\/","title":{"rendered":"APM Terminals anuncia nova organiza\u00e7\u00e3o para as Am\u00e9ricas"},"content":{"rendered":"<p>Em linha com a estrat\u00e9gia de crescimento \u201cSafer, Better, Bigger\u201d (Mais Seguro, Melhor e Maior, em tradu\u00e7\u00e3o livre) da empresa, a APM Terminals anuncia uma nova estrutura regional. A APM Terminals est\u00e1 integrando cinco regi\u00f5es globais em tr\u00eas regi\u00f5es.<\/p>\n<p>Este foi o resultado de um estudo comercial que analisou a estrutura e os requisitos da cadeia log\u00edstica de clientes globais e regionais e entendeu como melhor atender suas necessidades futuras em rela\u00e7\u00e3o sua opera\u00e7\u00e3o, como: altera\u00e7\u00e3o de schedule, janelas de atraca\u00e7\u00e3o, necessidades de p\u00e1tios dos terminais, docas de caminh\u00f5es, fluxos de transporte terrestre, fluxos de equipamentos vazios e planos de continuidade de neg\u00f3cios.<\/p>\n<p>Segundo a empresa, a pandemia mostrou que os clientes desejam aproveitar as oportunidades do mercado de forma mais r\u00e1pida, assim como lidar com as mudan\u00e7as nos mercados de forma \u00e1gil, \u00e0 medida que os padr\u00f5es de compra do consumidor tamb\u00e9m est\u00e3o mudando.<\/p>\n<p>As novas regi\u00f5es s\u00e3o Am\u00e9ricas, \u00c1frica\/Europa e \u00c1sia-Pac\u00edfico. Ao combinar todo o escopo das Am\u00e9ricas, a APM Terminals estar\u00e1 mais apta a atender aos com\u00e9rcios Leste\/Oeste, Norte\/Sul e cadeias de suprimentos terrestres de maneira mais eficaz.<\/p>\n<p>Leo Huisman, atual Diretor Executivo Regional da APM Terminals da Am\u00e9rica Latina, nos \u00faltimos tr\u00eas anos, baseado no Panam\u00e1, foi nomeado diretor executivo regional da APM Terminals Americas. Leo tamb\u00e9m atuou como diretor executivo regional da APM Terminals Europa e traz uma vasta experi\u00eancia do setor. \u201cQueremos melhorar continuamente nossa maneira de trabalhar e essa abordagem mais integrada \u00e0 nossa estrutura regional das Am\u00e9ricas comercialmente, operacionalmente e de forma sustent\u00e1vel nos permite atingir um n\u00edvel mais alto de desempenho ao cliente e em rela\u00e7\u00e3o a nossas metas ESG\u201d, destaca ele.<\/p>\n<p>Jeremy Ford, diretor comercial (CCO) da APM Terminals da Am\u00e9rica do Norte, foi nomeado CCO das Am\u00e9ricas, com sede em Charlotte, Carolina do Norte. \u201cNosso objetivo \u00e9 criar mais oportunidades para os clientes em nossos terminais de cont\u00eaineres nas Am\u00e9ricas, para que os armadores possam otimizar seus schedules, utiliza\u00e7\u00f5es de navios, fluxos de equipamentos e velocidade da cadeia de suprimentos. Essa nova estrutura nas Am\u00e9ricas nos permite acelerar a tomada de decis\u00f5es e o tempo de resposta aos clientes\u201d, comentou<\/p>\n<p>Fonte: Portos e Navios<\/p>\n","protected":false},"excerpt":{"rendered":"<p>Em linha com a estrat\u00e9gia de crescimento \u201cSafer, Better, Bigger\u201d (Mais Seguro, Melhor e Maior, em tradu\u00e7\u00e3o livre) da empresa, a APM Terminals anuncia uma&#8230;<\/p>\n","protected":false},"author":1527,"featured_media":40353,"comment_status":"closed","ping_status":"closed","sticky":false,"template":"","format":"standard","meta":{"footnotes":""},"categories":[6],"tags":[],"class_list":["post-40352","post","type-post","status-publish","format-standard","has-post-thumbnail","hentry","category-noticias"],"_links":{"self":[{"href":"https:\/\/www.sincomam.org.br\/index.php\/wp-json\/wp\/v2\/posts\/40352","targetHints":{"allow":["GET"]}}],"collection":[{"href":"https:\/\/www.sincomam.org.br\/index.php\/wp-json\/wp\/v2\/posts"}],"about":[{"href":"https:\/\/www.sincomam.org.br\/index.php\/wp-json\/wp\/v2\/types\/post"}],"author":[{"embeddable":true,"href":"https:\/\/www.sincomam.org.br\/index.php\/wp-json\/wp\/v2\/users\/1527"}],"replies":[{"embeddable":true,"href":"https:\/\/www.sincomam.org.br\/index.php\/wp-json\/wp\/v2\/comments?post=40352"}],"version-history":[{"count":1,"href":"https:\/\/www.sincomam.org.br\/index.php\/wp-json\/wp\/v2\/posts\/40352\/revisions"}],"predecessor-version":[{"id":40354,"href":"https:\/\/www.sincomam.org.br\/index.php\/wp-json\/wp\/v2\/posts\/40352\/revisions\/40354"}],"wp:featuredmedia":[{"embeddable":true,"href":"https:\/\/www.sincomam.org.br\/index.php\/wp-json\/wp\/v2\/media\/40353"}],"wp:attachment":[{"href":"https:\/\/www.sincomam.org.br\/index.php\/wp-json\/wp\/v2\/media?parent=40352"}],"wp:term":[{"taxonomy":"category","embeddable":true,"href":"https:\/\/www.sincomam.org.br\/index.php\/wp-json\/wp\/v2\/categories?post=40352"},{"taxonomy":"post_tag","embeddable":true,"href":"https:\/\/www.sincomam.org.br\/index.php\/wp-json\/wp\/v2\/tags?post=40352"}],"curies":[{"name":"wp","href":"https:\/\/api.w.org\/{rel}","templated":true}]}}