{"id":40317,"date":"2022-07-13T07:36:35","date_gmt":"2022-07-13T10:36:35","guid":{"rendered":"http:\/\/www.sincomam.org.br\/?p=40317"},"modified":"2022-07-13T07:36:35","modified_gmt":"2022-07-13T10:36:35","slug":"comandante-da-marinha-preside-cerimonia-de-ativacao-do-1o-esquadrao-de-aeronaves-remotamente-pilotadas","status":"publish","type":"post","link":"https:\/\/www.sincomam.org.br\/index.php\/comandante-da-marinha-preside-cerimonia-de-ativacao-do-1o-esquadrao-de-aeronaves-remotamente-pilotadas\/","title":{"rendered":"Comandante da Marinha preside cerim\u00f4nia de ativa\u00e7\u00e3o do 1\u00ba Esquadr\u00e3o de Aeronaves Remotamente Pilotadas"},"content":{"rendered":"<p>O Comandante da Marinha, Almirante de Esquadra Almir Garnier Santos, presidiu a cerim\u00f4nia de ativa\u00e7\u00e3o do 1\u00ba Esquadr\u00e3o de Aeronaves Remotamente Pilotadas (EsqdQE-1), realizada no dia 5 de julho, no Complexo Aeronaval de S\u00e3o Pedro da Aldeia (RJ). A solenidade representou um momento hist\u00f3rico para a For\u00e7a, pois marcou a incorpora\u00e7\u00e3o de um novo meio, que proporcionar\u00e1 significativo incremento operacional aos navios da Esquadra e ao Corpo de Fuzileiros Navais, executando miss\u00f5es de Intelig\u00eancia, Vigil\u00e2ncia e Reconhecimento.<\/p>\n<p>O EsqdQE-1 inicia suas opera\u00e7\u00f5es com seis aeronaves do modelo ScanEagle, aptas a operar em per\u00edodo diurno e noturno. Com capacidade de monitoramento, controle, prote\u00e7\u00e3o e defesa da Amaz\u00f4nia Azul, poder\u00e3o ser empregadas em atividades de Controle do Tr\u00e1fego Mar\u00edtimo; Inspe\u00e7\u00e3o Naval; Preven\u00e7\u00e3o de Il\u00edcitos, Pirataria e Terrorismo; Monitoramento de Desastres; e Opera\u00e7\u00f5es de Socorro e Salvaguarda da Vida Humana no Mar.<\/p>\n<p>Na cerim\u00f4nia, que tamb\u00e9m contou com a participa\u00e7\u00e3o de membros do Almirantado e de outros Oficiais-Generais, o Comandante da Marinha ressaltou que os Ve\u00edculos A\u00e9reos N\u00e3o Tripulados n\u00e3o substituir\u00e3o e nem eliminar\u00e3o os tripulados, mas coexistir\u00e3o com eles, surgindo como um grande complemento. \u201cExiste uma gama de tecnologias que fazem com que o emprego do Poder Naval se multiplique, seja alavancado. E assim s\u00e3o os Ve\u00edculos A\u00e9reos N\u00e3o Tripulados, cuja pedra fundamental est\u00e1 sendo lan\u00e7ada hoje, fruto do esfor\u00e7o das gera\u00e7\u00f5es que nos antecederam\u201d, disse, fazendo refer\u00eancia aos precursores da avia\u00e7\u00e3o na Marinha e seus sucessores.<\/p>\n<p>O Almirante Garnier tamb\u00e9m saudou o Comandante da nova Organiza\u00e7\u00e3o Militar (OM), Capit\u00e3o de Fragata Fabio Nunes, e sua tripula\u00e7\u00e3o. \u201cToda vez que ativamos uma OM, criamos imortais na Marinha, do Comandante ao Marinheiro mais moderno. Passadas d\u00e9cadas, at\u00e9 s\u00e9culos depois, os pioneiros ser\u00e3o lembrados. Usem essa imortalidade com cuidado e entusiasmo, pois a Marinha espera muito dos senhores\u201d, recomendou.<\/p>\n<p>Fonte: Defesa em Foco<\/p>\n","protected":false},"excerpt":{"rendered":"<p>O Comandante da Marinha, Almirante de Esquadra Almir Garnier Santos, presidiu a cerim\u00f4nia de ativa\u00e7\u00e3o do 1\u00ba Esquadr\u00e3o de Aeronaves Remotamente Pilotadas (EsqdQE-1), realizada no&#8230;<\/p>\n","protected":false},"author":1527,"featured_media":40318,"comment_status":"closed","ping_status":"closed","sticky":false,"template":"","format":"standard","meta":{"footnotes":""},"categories":[6],"tags":[],"class_list":["post-40317","post","type-post","status-publish","format-standard","has-post-thumbnail","hentry","category-noticias"],"_links":{"self":[{"href":"https:\/\/www.sincomam.org.br\/index.php\/wp-json\/wp\/v2\/posts\/40317","targetHints":{"allow":["GET"]}}],"collection":[{"href":"https:\/\/www.sincomam.org.br\/index.php\/wp-json\/wp\/v2\/posts"}],"about":[{"href":"https:\/\/www.sincomam.org.br\/index.php\/wp-json\/wp\/v2\/types\/post"}],"author":[{"embeddable":true,"href":"https:\/\/www.sincomam.org.br\/index.php\/wp-json\/wp\/v2\/users\/1527"}],"replies":[{"embeddable":true,"href":"https:\/\/www.sincomam.org.br\/index.php\/wp-json\/wp\/v2\/comments?post=40317"}],"version-history":[{"count":1,"href":"https:\/\/www.sincomam.org.br\/index.php\/wp-json\/wp\/v2\/posts\/40317\/revisions"}],"predecessor-version":[{"id":40319,"href":"https:\/\/www.sincomam.org.br\/index.php\/wp-json\/wp\/v2\/posts\/40317\/revisions\/40319"}],"wp:featuredmedia":[{"embeddable":true,"href":"https:\/\/www.sincomam.org.br\/index.php\/wp-json\/wp\/v2\/media\/40318"}],"wp:attachment":[{"href":"https:\/\/www.sincomam.org.br\/index.php\/wp-json\/wp\/v2\/media?parent=40317"}],"wp:term":[{"taxonomy":"category","embeddable":true,"href":"https:\/\/www.sincomam.org.br\/index.php\/wp-json\/wp\/v2\/categories?post=40317"},{"taxonomy":"post_tag","embeddable":true,"href":"https:\/\/www.sincomam.org.br\/index.php\/wp-json\/wp\/v2\/tags?post=40317"}],"curies":[{"name":"wp","href":"https:\/\/api.w.org\/{rel}","templated":true}]}}