{"id":40314,"date":"2022-07-13T07:32:00","date_gmt":"2022-07-13T10:32:00","guid":{"rendered":"http:\/\/www.sincomam.org.br\/?p=40314"},"modified":"2022-07-13T07:32:00","modified_gmt":"2022-07-13T10:32:00","slug":"evolucao-tecnologica-na-marinha-e-tema-de-exposicao-em-brasilia","status":"publish","type":"post","link":"https:\/\/www.sincomam.org.br\/index.php\/evolucao-tecnologica-na-marinha-e-tema-de-exposicao-em-brasilia\/","title":{"rendered":"Evolu\u00e7\u00e3o tecnol\u00f3gica na Marinha \u00e9 tema de exposi\u00e7\u00e3o em Bras\u00edlia"},"content":{"rendered":"<p>Das embarca\u00e7\u00f5es \u00e0 vela ao Submarino Convencionalmente Armado com Propuls\u00e3o Nuclear, as atividades da Marinha do Brasil (MB) t\u00eam como norte o constante desenvolvimento tecnol\u00f3gico. Com o objetivo de demonstrar essa evolu\u00e7\u00e3o cient\u00edfica, a MB montou a exposi\u00e7\u00e3o \u201cUm Mar Chamado Tempo: 200 anos de avan\u00e7os tecnol\u00f3gicos da Marinha do Brasil\u201d.<\/p>\n<p>A exposi\u00e7\u00e3o est\u00e1 aberta \u00e0 visita\u00e7\u00e3o no Planet\u00e1rio de Bras\u00edlia \u201cLuiz Cruls\u201d e foi elaborada pela Diretoria-Geral de Desenvolvimento Nuclear e Tecnol\u00f3gico da Marinha (DGDNTM) como forma de celebrar o bicenten\u00e1rio da Independ\u00eancia do Brasil. Ela mostra, por meio de pain\u00e9is, importantes marcos no desenvolvimento tecnol\u00f3gico ao longo dos s\u00e9culos XIX e XX em \u00e1reas como energia nuclear, oceanografia e comunica\u00e7\u00f5es navais, que aprimoraram as atividades relacionadas \u00e0s opera\u00e7\u00f5es navais, ao transporte mar\u00edtimo e \u00e0 prote\u00e7\u00e3o da costa. Al\u00e9m disso, a exposi\u00e7\u00e3o conta com material audiovisual com a biografia de oito personalidades que tiveram papel decisivo para a evolu\u00e7\u00e3o tecnol\u00f3gica na MB.<\/p>\n<p>A agricultora Diana Brusco, da cidade de Cl\u00e1udia (MT), visitou Bras\u00edlia e p\u00f4de conferir a mostra com sua fam\u00edlia. \u201cA exposi\u00e7\u00e3o \u00e9 muito interessante, \u00e9 uma novidade pra muita gente, coisa que nem imaginamos. Podemos ter um bom entendimento sobre a Marinha e os navios. \u00c9 \u00f3timo para as crian\u00e7as que n\u00e3o conhecem aprofundarem um pouco mais sobre o assunto\u201d, afirmou.<\/p>\n<p>A muse\u00f3loga do Instituto de Estudos do Mar Almirante Paulo Moreira, Primeiro-Tenente (RM2-T) Luana da Concei\u00e7\u00e3o Martins, conta como foi feita a pesquisa textual e de material bibliogr\u00e1fico para compor a exposi\u00e7\u00e3o. \u201cN\u00f3s tivemos apoio da Diretoria do Patrim\u00f4nio Hist\u00f3rico e Documenta\u00e7\u00e3o da Marinha, eles nos encaminharam todo o material de refer\u00eancia bibliogr\u00e1fica, as imagens, as fotografias. Foi feita tamb\u00e9m uma pesquisa em arquivo da Biblioteca Nacional para levantarmos o m\u00e1ximo de informa\u00e7\u00f5es e tornar todo esse material acess\u00edvel ao p\u00fablico\u201d.<\/p>\n<p>Servi\u00e7o<br \/>\nExposi\u00e7\u00e3o \u201cUm Mar Chamado Tempo\u201d<br \/>\nAt\u00e9 31 de julho no Planet\u00e1rio de Bras\u00edlia<br \/>\nEntrada gr\u00e1tis<br \/>\nEndere\u00e7o: Setor de Difus\u00e3o Cultural \u2013 Via N1 (Eixo Monumental) \u2013 Pr\u00f3ximo ao Centro de Conven\u00e7\u00f5es Ulysses Guimar\u00e3es<br \/>\nHor\u00e1rio: ter\u00e7a-feira a domingo, das 9h \u00e0s 21h<\/p>\n<p>Fonte: Defesa em Foco<\/p>\n","protected":false},"excerpt":{"rendered":"<p>Das embarca\u00e7\u00f5es \u00e0 vela ao Submarino Convencionalmente Armado com Propuls\u00e3o Nuclear, as atividades da Marinha do Brasil (MB) t\u00eam como norte o constante desenvolvimento tecnol\u00f3gico&#8230;.<\/p>\n","protected":false},"author":1527,"featured_media":40315,"comment_status":"closed","ping_status":"closed","sticky":false,"template":"","format":"standard","meta":{"footnotes":""},"categories":[6],"tags":[],"class_list":["post-40314","post","type-post","status-publish","format-standard","has-post-thumbnail","hentry","category-noticias"],"_links":{"self":[{"href":"https:\/\/www.sincomam.org.br\/index.php\/wp-json\/wp\/v2\/posts\/40314","targetHints":{"allow":["GET"]}}],"collection":[{"href":"https:\/\/www.sincomam.org.br\/index.php\/wp-json\/wp\/v2\/posts"}],"about":[{"href":"https:\/\/www.sincomam.org.br\/index.php\/wp-json\/wp\/v2\/types\/post"}],"author":[{"embeddable":true,"href":"https:\/\/www.sincomam.org.br\/index.php\/wp-json\/wp\/v2\/users\/1527"}],"replies":[{"embeddable":true,"href":"https:\/\/www.sincomam.org.br\/index.php\/wp-json\/wp\/v2\/comments?post=40314"}],"version-history":[{"count":1,"href":"https:\/\/www.sincomam.org.br\/index.php\/wp-json\/wp\/v2\/posts\/40314\/revisions"}],"predecessor-version":[{"id":40316,"href":"https:\/\/www.sincomam.org.br\/index.php\/wp-json\/wp\/v2\/posts\/40314\/revisions\/40316"}],"wp:featuredmedia":[{"embeddable":true,"href":"https:\/\/www.sincomam.org.br\/index.php\/wp-json\/wp\/v2\/media\/40315"}],"wp:attachment":[{"href":"https:\/\/www.sincomam.org.br\/index.php\/wp-json\/wp\/v2\/media?parent=40314"}],"wp:term":[{"taxonomy":"category","embeddable":true,"href":"https:\/\/www.sincomam.org.br\/index.php\/wp-json\/wp\/v2\/categories?post=40314"},{"taxonomy":"post_tag","embeddable":true,"href":"https:\/\/www.sincomam.org.br\/index.php\/wp-json\/wp\/v2\/tags?post=40314"}],"curies":[{"name":"wp","href":"https:\/\/api.w.org\/{rel}","templated":true}]}}