{"id":40311,"date":"2022-07-13T07:29:51","date_gmt":"2022-07-13T10:29:51","guid":{"rendered":"http:\/\/www.sincomam.org.br\/?p=40311"},"modified":"2022-07-13T07:29:51","modified_gmt":"2022-07-13T10:29:51","slug":"aneel-aprova-revisao-tarifaria-que-reduz-tarifas-de-10-distribuidoras","status":"publish","type":"post","link":"https:\/\/www.sincomam.org.br\/index.php\/aneel-aprova-revisao-tarifaria-que-reduz-tarifas-de-10-distribuidoras\/","title":{"rendered":"Aneel aprova revis\u00e3o tarif\u00e1ria que reduz tarifas de 10 distribuidoras"},"content":{"rendered":"<p>A Ag\u00eancia Nacional de Energia El\u00e9trica (ANEEL) aprovou, nesta ter\u00e7a-feira (12), as Revis\u00f5es Tarif\u00e1rias Extraordin\u00e1rias (RTEs) de dez distribuidoras que j\u00e1 passaram por processo tarif\u00e1rio em 2022, levando \u00e0 redu\u00e7\u00e3o dos \u00edndices que j\u00e1 tinham sido homologados. As novas tarifas entram em vigor a partir de amanh\u00e3 (13).<\/p>\n<p>De acordo com a ANEEL, as revis\u00f5es ocorreram em decorr\u00eancia da aplica\u00e7\u00e3o da Lei n\u00ba 14.385\/2022, para considerar a devolu\u00e7\u00e3o de valores advindos de a\u00e7\u00f5es judiciais transitadas em julgado que estabeleceram a exclus\u00e3o do ICMS da base de c\u00e1lculo do PIS\/Cofins cobrado na conta de energia. <\/p>\n<p>Considerando a decis\u00e3o de hoje e as devolu\u00e7\u00f5es j\u00e1 ocorridas nos processos de 2022, o efeito m\u00e9dio sobre as tarifas vigentes a ser percebido pelos consumidores residenciais varia de 0,5% a 5,34% de redu\u00e7\u00e3o, dependendo da distribuidora.<\/p>\n<p>A ag\u00eancia informou que foram adiadas as delibera\u00e7\u00f5es dos processos tarif\u00e1rios das distribuidoras Energisa Mato Grosso do Sul (EMS), Energisa Mato Grosso (EMT), cujos cr\u00e9ditos ainda n\u00e3o foram habilitados pela receita federal, al\u00e9m da Equatorial Alagoas e da Light, por causa de liminares judiciais.<\/p>\n<p>Em rela\u00e7\u00e3o aos processos tarif\u00e1rios de distribuidoras que ainda n\u00e3o ocorreram em 2022, o colegiado da Aneel far\u00e1 os c\u00e1lculos do impacto da devolu\u00e7\u00e3o no momento do reajuste e da revis\u00e3o de cada empresa.<\/p>\n<p>Fonte: Ag\u00eancia Brasil<\/p>\n","protected":false},"excerpt":{"rendered":"<p>A Ag\u00eancia Nacional de Energia El\u00e9trica (ANEEL) aprovou, nesta ter\u00e7a-feira (12), as Revis\u00f5es Tarif\u00e1rias Extraordin\u00e1rias (RTEs) de dez distribuidoras que j\u00e1 passaram por processo tarif\u00e1rio&#8230;<\/p>\n","protected":false},"author":1527,"featured_media":40312,"comment_status":"closed","ping_status":"closed","sticky":false,"template":"","format":"standard","meta":{"footnotes":""},"categories":[6],"tags":[],"class_list":["post-40311","post","type-post","status-publish","format-standard","has-post-thumbnail","hentry","category-noticias"],"_links":{"self":[{"href":"https:\/\/www.sincomam.org.br\/index.php\/wp-json\/wp\/v2\/posts\/40311","targetHints":{"allow":["GET"]}}],"collection":[{"href":"https:\/\/www.sincomam.org.br\/index.php\/wp-json\/wp\/v2\/posts"}],"about":[{"href":"https:\/\/www.sincomam.org.br\/index.php\/wp-json\/wp\/v2\/types\/post"}],"author":[{"embeddable":true,"href":"https:\/\/www.sincomam.org.br\/index.php\/wp-json\/wp\/v2\/users\/1527"}],"replies":[{"embeddable":true,"href":"https:\/\/www.sincomam.org.br\/index.php\/wp-json\/wp\/v2\/comments?post=40311"}],"version-history":[{"count":1,"href":"https:\/\/www.sincomam.org.br\/index.php\/wp-json\/wp\/v2\/posts\/40311\/revisions"}],"predecessor-version":[{"id":40313,"href":"https:\/\/www.sincomam.org.br\/index.php\/wp-json\/wp\/v2\/posts\/40311\/revisions\/40313"}],"wp:featuredmedia":[{"embeddable":true,"href":"https:\/\/www.sincomam.org.br\/index.php\/wp-json\/wp\/v2\/media\/40312"}],"wp:attachment":[{"href":"https:\/\/www.sincomam.org.br\/index.php\/wp-json\/wp\/v2\/media?parent=40311"}],"wp:term":[{"taxonomy":"category","embeddable":true,"href":"https:\/\/www.sincomam.org.br\/index.php\/wp-json\/wp\/v2\/categories?post=40311"},{"taxonomy":"post_tag","embeddable":true,"href":"https:\/\/www.sincomam.org.br\/index.php\/wp-json\/wp\/v2\/tags?post=40311"}],"curies":[{"name":"wp","href":"https:\/\/api.w.org\/{rel}","templated":true}]}}