{"id":40308,"date":"2022-07-13T07:28:24","date_gmt":"2022-07-13T10:28:24","guid":{"rendered":"http:\/\/www.sincomam.org.br\/?p=40308"},"modified":"2022-07-13T07:28:24","modified_gmt":"2022-07-13T10:28:24","slug":"planos-de-saude-terao-consultas-ilimitadas-para-psicologia-e-fono","status":"publish","type":"post","link":"https:\/\/www.sincomam.org.br\/index.php\/planos-de-saude-terao-consultas-ilimitadas-para-psicologia-e-fono\/","title":{"rendered":"Planos de sa\u00fade ter\u00e3o consultas ilimitadas para psicologia e fono"},"content":{"rendered":"<p>A Ag\u00eancia Nacional de Sa\u00fade Suplementar (ANS) aprovou o fim da limita\u00e7\u00e3o ao n\u00famero de consultas e sess\u00f5es com psic\u00f3logos, fonoaudi\u00f3logos, fisioterapeutas e terapeutas ocupacionais.<\/p>\n<p>Agora, os planos de sa\u00fade ter\u00e3o que oferecer cobertura ilimitada para pacientes com qualquer doen\u00e7a ou condi\u00e7\u00e3o de sa\u00fade listada pela Organiza\u00e7\u00e3o Mundial da Sa\u00fade (OMS), segundo informa\u00e7\u00f5es da ANS.<\/p>\n<p>A decis\u00e3o, tomada ontem (11) em reuni\u00e3o extraordin\u00e1ria da diretoria colegiada da ag\u00eancia, foi divulgada pela assessoria de imprensa da ANS. A nova resolu\u00e7\u00e3o deve come\u00e7ar a valer a partir de 1\u00ba de agosto deste ano.<\/p>\n<p>M\u00e9dico do paciente<br \/>\nCom isso, ser\u00e3o exclu\u00eddas as diretrizes de utiliza\u00e7\u00e3o para consultas e sess\u00f5es com esses tipos de profissionais. O atendimento passar\u00e1 a considerar a prescri\u00e7\u00e3o do m\u00e9dico do paciente.<\/p>\n<p>A ideia foi \u201cpromover a igualdade de direitos aos usu\u00e1rios da sa\u00fade suplementar e padronizar o formato dos procedimentos atualmente assegurados, relativos a essas categorias profissionais\u201d.<\/p>\n<p>No dia 1\u00ba de julho, a ANS j\u00e1 havia tornado obrigat\u00f3ria, para pacientes com transtornos globais do desenvolvimento, a cobertura de qualquer m\u00e9todo ou t\u00e9cnica indicada pelo m\u00e9dico.<\/p>\n","protected":false},"excerpt":{"rendered":"<p>A Ag\u00eancia Nacional de Sa\u00fade Suplementar (ANS) aprovou o fim da limita\u00e7\u00e3o ao n\u00famero de consultas e sess\u00f5es com psic\u00f3logos, fonoaudi\u00f3logos, fisioterapeutas e terapeutas ocupacionais&#8230;.<\/p>\n","protected":false},"author":1527,"featured_media":40309,"comment_status":"closed","ping_status":"closed","sticky":false,"template":"","format":"standard","meta":{"footnotes":""},"categories":[6],"tags":[],"class_list":["post-40308","post","type-post","status-publish","format-standard","has-post-thumbnail","hentry","category-noticias"],"_links":{"self":[{"href":"https:\/\/www.sincomam.org.br\/index.php\/wp-json\/wp\/v2\/posts\/40308","targetHints":{"allow":["GET"]}}],"collection":[{"href":"https:\/\/www.sincomam.org.br\/index.php\/wp-json\/wp\/v2\/posts"}],"about":[{"href":"https:\/\/www.sincomam.org.br\/index.php\/wp-json\/wp\/v2\/types\/post"}],"author":[{"embeddable":true,"href":"https:\/\/www.sincomam.org.br\/index.php\/wp-json\/wp\/v2\/users\/1527"}],"replies":[{"embeddable":true,"href":"https:\/\/www.sincomam.org.br\/index.php\/wp-json\/wp\/v2\/comments?post=40308"}],"version-history":[{"count":1,"href":"https:\/\/www.sincomam.org.br\/index.php\/wp-json\/wp\/v2\/posts\/40308\/revisions"}],"predecessor-version":[{"id":40310,"href":"https:\/\/www.sincomam.org.br\/index.php\/wp-json\/wp\/v2\/posts\/40308\/revisions\/40310"}],"wp:featuredmedia":[{"embeddable":true,"href":"https:\/\/www.sincomam.org.br\/index.php\/wp-json\/wp\/v2\/media\/40309"}],"wp:attachment":[{"href":"https:\/\/www.sincomam.org.br\/index.php\/wp-json\/wp\/v2\/media?parent=40308"}],"wp:term":[{"taxonomy":"category","embeddable":true,"href":"https:\/\/www.sincomam.org.br\/index.php\/wp-json\/wp\/v2\/categories?post=40308"},{"taxonomy":"post_tag","embeddable":true,"href":"https:\/\/www.sincomam.org.br\/index.php\/wp-json\/wp\/v2\/tags?post=40308"}],"curies":[{"name":"wp","href":"https:\/\/api.w.org\/{rel}","templated":true}]}}