{"id":4030,"date":"2014-03-07T08:10:06","date_gmt":"2014-03-07T11:10:06","guid":{"rendered":"http:\/\/www.sincomam.org.br\/?p=4030"},"modified":"2014-03-06T16:40:41","modified_gmt":"2014-03-06T19:40:41","slug":"rio-grande-do-sul-recebe-3a-edicao-da-feira-do-polo-naval","status":"publish","type":"post","link":"https:\/\/www.sincomam.org.br\/index.php\/rio-grande-do-sul-recebe-3a-edicao-da-feira-do-polo-naval\/","title":{"rendered":"Rio Grande do Sul recebe 3\u00aa edi\u00e7\u00e3o da Feira do Polo Naval"},"content":{"rendered":"<p>Discutir e promover os desafios, inova\u00e7\u00f5es e as oportunidades da ind\u00fastria oce\u00e2nica. Esse \u00e9 o objetivo da Feira do Polo Naval que acontece de 11 a 14 de mar\u00e7o, no Centro Integrado de Desenvolvimento e Estudos Costeiros (Cidec-Sul) da Universidade Federal do Rio Grande (FURG), em Rio Grande (RS). O evento re\u00fane as principais empresas do setor naval e offshore em 4.800 m\u00b2, 250 estandes e atividades paralelas que apresentam 165 palestrantes nacionais e internacionais.<\/p>\n<p>Ao mesmo tempo acontecem tr\u00eas grandes eventos paralelos, todos com inscri\u00e7\u00f5es gratuitas ao p\u00fablico: NAVTEC &#8211; Confer\u00eancia Internacional em Tecnologias Naval e Offshore, organizada pela Furg em todos os dias da feira, com palestras internacionais sobre a ind\u00fastria oce\u00e2nica; Semin\u00e1rio de Direito, organizado pela Advocacia Rocha Baptista nos dias 12, 13 e 14 de mar\u00e7o, contar\u00e1 com tr\u00eas pain\u00e9is tem\u00e1ticos: aduaneiro, processual e ambiental, al\u00e9m de uma sess\u00e3o de aula tele presencial sobre o tema \u201cIngl\u00eas Jur\u00eddico\u201d, promovida diretamente de Londres pelo British Legal Centre, no dia 13 de mar\u00e7o. Rodadas de Neg\u00f3cios, organizadas pelo Sebrae\/RS, nos dias 11 e 12 de mar\u00e7o, que visam aproximar as pequenas e m\u00e9dias empresas (sistemistas) dos grandes empreendimentos da regi\u00e3o gerando oportunidades.<\/p>\n<p>Al\u00e9m disso, a feira conta com diversos workshops tem\u00e1ticos. Um deles ser\u00e1 no dia 13 de mar\u00e7o, a partir das 9h, com o tema Energia E\u00f3lica: Presente e Futuro da Regi\u00e3o, coordenado pela FURG e Prefeitura de Rio Grande<\/p>\n<p>Mais informa\u00e7\u00f5es: www.polonavalrs.com.b<\/p>\n<p>Fonte: Revista TN Petr\u00f3leo<\/p>\n","protected":false},"excerpt":{"rendered":"<p>Discutir e promover os desafios, inova\u00e7\u00f5es e as oportunidades da ind\u00fastria oce\u00e2nica. Esse \u00e9 o objetivo da Feira do Polo Naval que acontece de 11&#8230;<\/p>\n","protected":false},"author":1182,"featured_media":0,"comment_status":"closed","ping_status":"closed","sticky":false,"template":"","format":"standard","meta":{"footnotes":""},"categories":[6],"tags":[],"class_list":["post-4030","post","type-post","status-publish","format-standard","hentry","category-noticias"],"_links":{"self":[{"href":"https:\/\/www.sincomam.org.br\/index.php\/wp-json\/wp\/v2\/posts\/4030","targetHints":{"allow":["GET"]}}],"collection":[{"href":"https:\/\/www.sincomam.org.br\/index.php\/wp-json\/wp\/v2\/posts"}],"about":[{"href":"https:\/\/www.sincomam.org.br\/index.php\/wp-json\/wp\/v2\/types\/post"}],"author":[{"embeddable":true,"href":"https:\/\/www.sincomam.org.br\/index.php\/wp-json\/wp\/v2\/users\/1182"}],"replies":[{"embeddable":true,"href":"https:\/\/www.sincomam.org.br\/index.php\/wp-json\/wp\/v2\/comments?post=4030"}],"version-history":[{"count":1,"href":"https:\/\/www.sincomam.org.br\/index.php\/wp-json\/wp\/v2\/posts\/4030\/revisions"}],"predecessor-version":[{"id":4031,"href":"https:\/\/www.sincomam.org.br\/index.php\/wp-json\/wp\/v2\/posts\/4030\/revisions\/4031"}],"wp:attachment":[{"href":"https:\/\/www.sincomam.org.br\/index.php\/wp-json\/wp\/v2\/media?parent=4030"}],"wp:term":[{"taxonomy":"category","embeddable":true,"href":"https:\/\/www.sincomam.org.br\/index.php\/wp-json\/wp\/v2\/categories?post=4030"},{"taxonomy":"post_tag","embeddable":true,"href":"https:\/\/www.sincomam.org.br\/index.php\/wp-json\/wp\/v2\/tags?post=4030"}],"curies":[{"name":"wp","href":"https:\/\/api.w.org\/{rel}","templated":true}]}}