{"id":40292,"date":"2022-07-12T12:49:13","date_gmt":"2022-07-12T15:49:13","guid":{"rendered":"http:\/\/www.sincomam.org.br\/?p=40292"},"modified":"2022-07-12T12:49:13","modified_gmt":"2022-07-12T15:49:13","slug":"operacao-agata-2022-e-realizada-na-costa-verde-rj","status":"publish","type":"post","link":"https:\/\/www.sincomam.org.br\/index.php\/operacao-agata-2022-e-realizada-na-costa-verde-rj\/","title":{"rendered":"Opera\u00e7\u00e3o \u201c\u00c1gata 2022\u201d \u00e9 realizada na Costa Verde (RJ)"},"content":{"rendered":"<p>A Delegacia da Capitania dos Portos em Itacuru\u00e7\u00e1 (DelItacuru\u00e7a) participou, de mais uma etapa da Opera\u00e7\u00e3o \u201c\u00c1gata 2022\u201d, com a Guarda Portu\u00e1ria da Companhia Docas do Rio de Janeiro, agentes da Pol\u00edcia Militar Ambiental e da Receita Federal, na \u00e1rea mar\u00edtima entre os munic\u00edpios de Itagua\u00ed e Mangaratiba (RJ).<\/p>\n<p>A opera\u00e7\u00e3o contou com a participa\u00e7\u00e3o de 38 pessoas, entre agentes e militares. Para a a\u00e7\u00e3o conjunta, foram empregadas tr\u00eas embarca\u00e7\u00f5es de casco semirr\u00edgido (ECSR) e uma moto aqu\u00e1tica, com equipes de inspe\u00e7\u00e3o naval da DelItacuru\u00e7a.<\/p>\n<p>Durante a Opera\u00e7\u00e3o, 47 embarca\u00e7\u00f5es foram abordadas e inspecionadas e uma embarca\u00e7\u00e3o foi notificada por excesso de velocidade no canal de Itacuru\u00e7\u00e1; enquanto, por terra, 74 caminh\u00f5es de carga foram abordados e 60 cont\u00eaineres foram inspecionados. O tripulante de uma embarca\u00e7\u00e3o que realizava atividade de pesca ilegal em \u00e1rea de exclus\u00e3o foi conduzido pela Pol\u00edcia Ambiental \u00e0 Delegacia de Pol\u00edcia Civil por ter cometido crime ambiental.<\/p>\n<p>As equipes da DelItacuru\u00e7a inspecionaram embarca\u00e7\u00f5es na \u00e1rea mar\u00edtima da regi\u00e3o, com a\u00e7\u00f5es de orienta\u00e7\u00e3o sobre o uso de equipamentos de seguran\u00e7a, de modo a incrementar a mentalidade mar\u00edtima dos navegantes que trafegavam na \u00e1rea, al\u00e9m de contribuir para a salvaguarda da vida humana no mar, seguran\u00e7a da navega\u00e7\u00e3o e preven\u00e7\u00e3o \u00e0 polui\u00e7\u00e3o h\u00eddrica proveniente de embarca\u00e7\u00f5es<\/p>\n<p>Fonte: Defesa em Foco<\/p>\n","protected":false},"excerpt":{"rendered":"<p>A Delegacia da Capitania dos Portos em Itacuru\u00e7\u00e1 (DelItacuru\u00e7a) participou, de mais uma etapa da Opera\u00e7\u00e3o \u201c\u00c1gata 2022\u201d, com a Guarda Portu\u00e1ria da Companhia Docas&#8230;<\/p>\n","protected":false},"author":1527,"featured_media":40293,"comment_status":"closed","ping_status":"closed","sticky":false,"template":"","format":"standard","meta":{"footnotes":""},"categories":[6],"tags":[],"class_list":["post-40292","post","type-post","status-publish","format-standard","has-post-thumbnail","hentry","category-noticias"],"_links":{"self":[{"href":"https:\/\/www.sincomam.org.br\/index.php\/wp-json\/wp\/v2\/posts\/40292","targetHints":{"allow":["GET"]}}],"collection":[{"href":"https:\/\/www.sincomam.org.br\/index.php\/wp-json\/wp\/v2\/posts"}],"about":[{"href":"https:\/\/www.sincomam.org.br\/index.php\/wp-json\/wp\/v2\/types\/post"}],"author":[{"embeddable":true,"href":"https:\/\/www.sincomam.org.br\/index.php\/wp-json\/wp\/v2\/users\/1527"}],"replies":[{"embeddable":true,"href":"https:\/\/www.sincomam.org.br\/index.php\/wp-json\/wp\/v2\/comments?post=40292"}],"version-history":[{"count":1,"href":"https:\/\/www.sincomam.org.br\/index.php\/wp-json\/wp\/v2\/posts\/40292\/revisions"}],"predecessor-version":[{"id":40294,"href":"https:\/\/www.sincomam.org.br\/index.php\/wp-json\/wp\/v2\/posts\/40292\/revisions\/40294"}],"wp:featuredmedia":[{"embeddable":true,"href":"https:\/\/www.sincomam.org.br\/index.php\/wp-json\/wp\/v2\/media\/40293"}],"wp:attachment":[{"href":"https:\/\/www.sincomam.org.br\/index.php\/wp-json\/wp\/v2\/media?parent=40292"}],"wp:term":[{"taxonomy":"category","embeddable":true,"href":"https:\/\/www.sincomam.org.br\/index.php\/wp-json\/wp\/v2\/categories?post=40292"},{"taxonomy":"post_tag","embeddable":true,"href":"https:\/\/www.sincomam.org.br\/index.php\/wp-json\/wp\/v2\/tags?post=40292"}],"curies":[{"name":"wp","href":"https:\/\/api.w.org\/{rel}","templated":true}]}}