{"id":40273,"date":"2022-07-11T10:09:26","date_gmt":"2022-07-11T13:09:26","guid":{"rendered":"http:\/\/www.sincomam.org.br\/?p=40273"},"modified":"2022-07-11T10:09:26","modified_gmt":"2022-07-11T13:09:26","slug":"criancas-com-deficiencia-vivem-um-dia-de-fuzileiro-naval-e-marinheiro-no-rio-de-janeiro","status":"publish","type":"post","link":"https:\/\/www.sincomam.org.br\/index.php\/criancas-com-deficiencia-vivem-um-dia-de-fuzileiro-naval-e-marinheiro-no-rio-de-janeiro\/","title":{"rendered":"Crian\u00e7as com defici\u00eancia vivem um Dia de Fuzileiro Naval e Marinheiro no Rio de Janeiro"},"content":{"rendered":"<p>Cerca de 250 crian\u00e7as e jovens com defici\u00eancia viveram um \u201cDia de Fuzileiro Naval e Marinheiro\u201d na quarta edi\u00e7\u00e3o do evento que aconteceu na manh\u00e3 de hoje (09) no Centro de Instru\u00e7\u00e3o Almirante Sylvio de Camargo (CIASC), na Ilha do Governador (RJ). Um dos principais objetivos da a\u00e7\u00e3o \u00e9 promover a inclus\u00e3o de pessoas com defici\u00eancia e seus familiares, que tiveram a oportunidade de experimentar, de forma l\u00fadica e supervisionada, um pouco da rotina de um militar da Marinha do Brasil (MB).<\/p>\n<p>A iniciativa foi promovida pela MB, em parceria com os grupos Mundo Azul, Compartilha e Sesc Rio. De acordo com o Analista de Projetos do Sesc Rio, Anderson Oliveira,  a organiza\u00e7\u00e3o trouxe tr\u00eas tipos de oficinas \u2013 jardim sensorial, conta\u00e7\u00e3o de hist\u00f3rias e produ\u00e7\u00e3o de instrumentos musicais feitos com material recicl\u00e1vel. \u201cEssas atividades foram pensadas para gerar independ\u00eancia das crian\u00e7as e jovens, al\u00e9m de trabalhar a coordena\u00e7\u00e3o motora fina, pois tudo que trouxemos foi pensado para eles terem independ\u00eancia, criando brinquedos e instrumentos para si mesmos, aqui os pais assistem e os profissionais orientam\u201d.<\/p>\n<p>No evento, tamb\u00e9m foram realizadas atividades como oficina de camuflagem, passeio de viaturas militares, esportes, apresenta\u00e7\u00e3o da Banda Marcial, exibi\u00e7\u00e3o de c\u00e3es, pintura, distribui\u00e7\u00e3o de brindes, exposi\u00e7\u00e3o de meios operacionais da MB. A participante Nath\u00e1lia Almeida, de 26 anos, que \u00e9 autista, contou um pouco como foi o dia para ela. \u201cGostei mais do helic\u00f3ptero, do pula-pula e do bote salva-vidas, fui em todos\u201d. Al\u00e9m da divers\u00e3o, o momento foi para refor\u00e7ar a inclus\u00e3o social das pessoas com defici\u00eancia, como ressalta Natasha Carvalho, m\u00e3e do Thor, de 5 anos, que \u00e9 autista. \u201cPara mim n\u00e3o \u00e9 s\u00f3 um evento com brincadeiras para o meu filho, \u00e9 um momento de conscientiza\u00e7\u00e3o para diminuir muitos dogmas e preconceitos\u201d.<\/p>\n<p>\u201cUm dia de Fuzileiro Naval e Marinheiro\u201d, que teve sua primeira edi\u00e7\u00e3o em 2017 voltada somente para pessoas com autismo, expandiu-se e agora \u00e9 aberto a pessoas com todos os tipos de defici\u00eancia e suas fam\u00edlias, e teve edi\u00e7\u00f5es tamb\u00e9m na Bahia e no Distrito Federal, como lembra o Contra-Almirante (Fuzileiro Naval) Roberto Lemos, Comandante do CIASC. \u201cA atra\u00e7\u00e3o j\u00e1 faz parte do Calend\u00e1rio de eventos do Corpo de Fuzileiros Navais. Est\u00e3o previstos mais dias parecidos como esse no m\u00eas de agosto no Centro de Educa\u00e7\u00e3o F\u00edsica Almirante Adalberto Nunes (CEFAN), na Penha (RJ), e ainda no segundo semestre no Centro de Instru\u00e7\u00e3o Almirante Milc\u00edades Portela Alves (CIAMPA), em Campo Grande (RJ).\u201d<\/p>\n<p>Fonte: Defesa em Foco<\/p>\n","protected":false},"excerpt":{"rendered":"<p>Cerca de 250 crian\u00e7as e jovens com defici\u00eancia viveram um \u201cDia de Fuzileiro Naval e Marinheiro\u201d na quarta edi\u00e7\u00e3o do evento que aconteceu na manh\u00e3&#8230;<\/p>\n","protected":false},"author":1527,"featured_media":40274,"comment_status":"closed","ping_status":"closed","sticky":false,"template":"","format":"standard","meta":{"footnotes":""},"categories":[6],"tags":[],"class_list":["post-40273","post","type-post","status-publish","format-standard","has-post-thumbnail","hentry","category-noticias"],"_links":{"self":[{"href":"https:\/\/www.sincomam.org.br\/index.php\/wp-json\/wp\/v2\/posts\/40273","targetHints":{"allow":["GET"]}}],"collection":[{"href":"https:\/\/www.sincomam.org.br\/index.php\/wp-json\/wp\/v2\/posts"}],"about":[{"href":"https:\/\/www.sincomam.org.br\/index.php\/wp-json\/wp\/v2\/types\/post"}],"author":[{"embeddable":true,"href":"https:\/\/www.sincomam.org.br\/index.php\/wp-json\/wp\/v2\/users\/1527"}],"replies":[{"embeddable":true,"href":"https:\/\/www.sincomam.org.br\/index.php\/wp-json\/wp\/v2\/comments?post=40273"}],"version-history":[{"count":1,"href":"https:\/\/www.sincomam.org.br\/index.php\/wp-json\/wp\/v2\/posts\/40273\/revisions"}],"predecessor-version":[{"id":40275,"href":"https:\/\/www.sincomam.org.br\/index.php\/wp-json\/wp\/v2\/posts\/40273\/revisions\/40275"}],"wp:featuredmedia":[{"embeddable":true,"href":"https:\/\/www.sincomam.org.br\/index.php\/wp-json\/wp\/v2\/media\/40274"}],"wp:attachment":[{"href":"https:\/\/www.sincomam.org.br\/index.php\/wp-json\/wp\/v2\/media?parent=40273"}],"wp:term":[{"taxonomy":"category","embeddable":true,"href":"https:\/\/www.sincomam.org.br\/index.php\/wp-json\/wp\/v2\/categories?post=40273"},{"taxonomy":"post_tag","embeddable":true,"href":"https:\/\/www.sincomam.org.br\/index.php\/wp-json\/wp\/v2\/tags?post=40273"}],"curies":[{"name":"wp","href":"https:\/\/api.w.org\/{rel}","templated":true}]}}